{"id":8892,"date":"2025-03-29T08:25:03","date_gmt":"2025-03-29T08:25:03","guid":{"rendered":"https:\/\/www.mimaforklift.com\/?p=8892"},"modified":"2025-03-29T08:32:49","modified_gmt":"2025-03-29T08:32:49","slug":"mima-forklifts-impactful-presence-at-logimat-2025-2","status":"publish","type":"post","link":"https:\/\/www.mimaforklift.com\/pt\/mima-forklifts-impactful-presence-at-logimat-2025-2\/","title":{"rendered":"A presen\u00e7a impactante da MiMA Forklift na LogiMAT 2025"},"content":{"rendered":"<div data-elementor-type=\"wp-post\" data-elementor-id=\"8892\" class=\"elementor elementor-8892\" data-elementor-post-type=\"post\">\n\t\t\t\t\t\t<section class=\"elementor-section elementor-top-section elementor-element elementor-element-a36629d elementor-section-boxed elementor-section-height-default elementor-section-height-default\" data-id=\"a36629d\" data-element_type=\"section\">\n\t\t\t\t\t\t<div class=\"elementor-container elementor-column-gap-default\">\n\t\t\t\t\t<div class=\"elementor-column elementor-col-100 elementor-top-column elementor-element elementor-element-0a569d3\" data-id=\"0a569d3\" data-element_type=\"column\">\n\t\t\t<div class=\"elementor-widget-wrap elementor-element-populated\">\n\t\t\t\t\t\t<div class=\"elementor-element elementor-element-3ee9ffc elementor-widget elementor-widget-text-editor\" data-id=\"3ee9ffc\" data-element_type=\"widget\" data-widget_type=\"text-editor.default\">\n\t\t\t\t<div class=\"elementor-widget-container\">\n\t\t\t\t\t\t\t<div><div><p class=\"otl-paragraph\"><strong>Estugarda, 13 de mar\u00e7o de 2025<\/strong> - A LogiMAT 2025 chegou ao fim, e a MiMA Forklift orgulha-se de ter feito parte desta feira internacional l\u00edder em intralog\u00edstica e gest\u00e3o da cadeia de abastecimento. De 11 a 13 de mar\u00e7o, a MiMA apresentou uma impressionante linha de empilhadores e solu\u00e7\u00f5es AGV no stand Halle 9 \/ Stand 9F76 no Centro de Feiras de Estugarda.<\/p><p class=\"otl-paragraph\">Os visitantes tiveram a oportunidade de experimentar as \u00faltimas inova\u00e7\u00f5es do MiMA, incluindo o novo <a href=\"https:\/\/www.mimaforklift.com\/pt\/multidirectional-forklift\/mqk30\/\">Empilhador multidirecional de contrapeso MQK30<\/a>, o <a href=\"https:\/\/www.mimaforklift.com\/pt\/narrow-aisle-forklift\/man-up-turret-truck-mcc16u\/\">Cami\u00e3o VNA com tripula\u00e7\u00e3o MCC16<\/a>e o <a href=\"https:\/\/www.mimaforklift.com\/pt\/multidirectional-forklift\/mqc25-mqc30\/\">empilhador multidirecional sentado MQC30 atualizado<\/a>. Para al\u00e9m disso, os nossos <a href=\"https:\/\/www.mimaforklift.com\/pt\/automated-guided-vehicles\/\">Solu\u00e7\u00f5es de carro\u00e7aria AGV<\/a> para porta-paletes e empilhadores multidireccionais gerou um forte interesse por parte das empresas que procuram automatizar as suas opera\u00e7\u00f5es de armaz\u00e9m.<\/p><\/div><\/div>\t\t\t\t\t\t<\/div>\n\t\t\t\t<\/div>\n\t\t\t\t\t<\/div>\n\t\t<\/div>\n\t\t\t\t\t<\/div>\n\t\t<\/section>\n\t\t\t\t<section class=\"elementor-section elementor-top-section elementor-element elementor-element-9d169c1 elementor-section-boxed elementor-section-height-default elementor-section-height-default\" data-id=\"9d169c1\" data-element_type=\"section\">\n\t\t\t\t\t\t<div class=\"elementor-container elementor-column-gap-default\">\n\t\t\t\t\t<div class=\"elementor-column elementor-col-100 elementor-top-column elementor-element elementor-element-e2e58bf\" data-id=\"e2e58bf\" data-element_type=\"column\">\n\t\t\t<div class=\"elementor-widget-wrap elementor-element-populated\">\n\t\t\t\t\t\t<div class=\"elementor-element elementor-element-7b7e214 elementor-widget elementor-widget-image\" data-id=\"7b7e214\" data-element_type=\"widget\" data-widget_type=\"image.default\">\n\t\t\t\t<div class=\"elementor-widget-container\">\n\t\t\t\t\t\t\t\t\t\t\t\t\t<img fetchpriority=\"high\" decoding=\"async\" width=\"800\" height=\"450\" src=\"https:\/\/www.mimaforklift.com\/wp-content\/uploads\/2025\/03\/Promat-live-23-1024x576.jpg\" class=\"attachment-large size-large wp-image-8896\" alt=\"\" srcset=\"https:\/\/www.mimaforklift.com\/wp-content\/uploads\/2025\/03\/Promat-live-23-1024x576.jpg 1024w, https:\/\/www.mimaforklift.com\/wp-content\/uploads\/2025\/03\/Promat-live-23-300x169.jpg 300w, https:\/\/www.mimaforklift.com\/wp-content\/uploads\/2025\/03\/Promat-live-23-768x432.jpg 768w, https:\/\/www.mimaforklift.com\/wp-content\/uploads\/2025\/03\/Promat-live-23-1536x864.jpg 1536w, https:\/\/www.mimaforklift.com\/wp-content\/uploads\/2025\/03\/Promat-live-23-2048x1152.jpg 2048w, https:\/\/www.mimaforklift.com\/wp-content\/uploads\/2025\/03\/Promat-live-23-18x10.jpg 18w, https:\/\/www.mimaforklift.com\/wp-content\/uploads\/2025\/03\/Promat-live-23-600x338.jpg 600w\" sizes=\"(max-width: 800px) 100vw, 800px\" \/>\t\t\t\t\t\t\t\t\t\t\t\t\t<\/div>\n\t\t\t\t<\/div>\n\t\t\t\t\t<\/div>\n\t\t<\/div>\n\t\t\t\t\t<\/div>\n\t\t<\/section>\n\t\t\t\t<section class=\"elementor-section elementor-top-section elementor-element elementor-element-c45794c elementor-section-boxed elementor-section-height-default elementor-section-height-default\" data-id=\"c45794c\" data-element_type=\"section\">\n\t\t\t\t\t\t<div class=\"elementor-container elementor-column-gap-default\">\n\t\t\t\t\t<div class=\"elementor-column elementor-col-100 elementor-top-column elementor-element elementor-element-bb20968\" data-id=\"bb20968\" data-element_type=\"column\">\n\t\t\t<div class=\"elementor-widget-wrap elementor-element-populated\">\n\t\t\t\t\t\t<div class=\"elementor-element elementor-element-eb049d7 elementor-widget elementor-widget-text-editor\" data-id=\"eb049d7\" data-element_type=\"widget\" data-widget_type=\"text-editor.default\">\n\t\t\t\t<div class=\"elementor-widget-container\">\n\t\t\t\t\t\t\t<div><div><p class=\"otl-paragraph\">O evento foi uma oportunidade fant\u00e1stica para a MiMA contactar com l\u00edderes da ind\u00fastria, profissionais de log\u00edstica e potenciais parceiros. A nossa equipa estava entusiasmada por mostrar como os empilhadores MiMA s\u00e3o concebidos para maximizar a efici\u00eancia, adaptar-se a diversas necessidades de armaz\u00e9m e ultrapassar os limites da inova\u00e7\u00e3o no manuseamento de materiais.<\/p><p class=\"otl-paragraph\">Um grande obrigado a todos os que visitaram o nosso stand, discutiram e exploraram as possibilidades com a MiMA. Agradecemos o vosso apoio e entusiasmo e estamos ansiosos por impulsionar o futuro da log\u00edstica em conjunto.<\/p><\/div><\/div>\t\t\t\t\t\t<\/div>\n\t\t\t\t<\/div>\n\t\t\t\t\t<\/div>\n\t\t<\/div>\n\t\t\t\t\t<\/div>\n\t\t<\/section>\n\t\t\t\t<section class=\"elementor-section elementor-top-section elementor-element elementor-element-98e3ef2 elementor-section-boxed elementor-section-height-default elementor-section-height-default\" data-id=\"98e3ef2\" data-element_type=\"section\">\n\t\t\t\t\t\t<div class=\"elementor-container elementor-column-gap-default\">\n\t\t\t\t\t<div class=\"elementor-column elementor-col-100 elementor-top-column elementor-element elementor-element-30fbe4c\" data-id=\"30fbe4c\" data-element_type=\"column\">\n\t\t\t<div class=\"elementor-widget-wrap elementor-element-populated\">\n\t\t\t\t\t\t<div class=\"elementor-element elementor-element-e3fb20f elementor-widget elementor-widget-image\" data-id=\"e3fb20f\" data-element_type=\"widget\" data-widget_type=\"image.default\">\n\t\t\t\t<div class=\"elementor-widget-container\">\n\t\t\t\t\t\t\t\t\t\t\t\t\t<img decoding=\"async\" width=\"800\" height=\"450\" src=\"https:\/\/www.mimaforklift.com\/wp-content\/uploads\/2025\/03\/Promat-live-19-1024x576.jpg\" class=\"attachment-large size-large wp-image-8898\" alt=\"\" srcset=\"https:\/\/www.mimaforklift.com\/wp-content\/uploads\/2025\/03\/Promat-live-19-1024x576.jpg 1024w, https:\/\/www.mimaforklift.com\/wp-content\/uploads\/2025\/03\/Promat-live-19-300x169.jpg 300w, https:\/\/www.mimaforklift.com\/wp-content\/uploads\/2025\/03\/Promat-live-19-768x432.jpg 768w, https:\/\/www.mimaforklift.com\/wp-content\/uploads\/2025\/03\/Promat-live-19-1536x864.jpg 1536w, https:\/\/www.mimaforklift.com\/wp-content\/uploads\/2025\/03\/Promat-live-19-2048x1152.jpg 2048w, https:\/\/www.mimaforklift.com\/wp-content\/uploads\/2025\/03\/Promat-live-19-18x10.jpg 18w, https:\/\/www.mimaforklift.com\/wp-content\/uploads\/2025\/03\/Promat-live-19-600x338.jpg 600w\" sizes=\"(max-width: 800px) 100vw, 800px\" \/>\t\t\t\t\t\t\t\t\t\t\t\t\t<\/div>\n\t\t\t\t<\/div>\n\t\t\t\t\t<\/div>\n\t\t<\/div>\n\t\t\t\t\t<\/div>\n\t\t<\/section>\n\t\t\t\t<section class=\"elementor-section elementor-top-section elementor-element elementor-element-7058f84 elementor-section-boxed elementor-section-height-default elementor-section-height-default\" data-id=\"7058f84\" data-element_type=\"section\">\n\t\t\t\t\t\t<div class=\"elementor-container elementor-column-gap-default\">\n\t\t\t\t\t<div class=\"elementor-column elementor-col-100 elementor-top-column elementor-element elementor-element-b46fbb2\" data-id=\"b46fbb2\" data-element_type=\"column\">\n\t\t\t<div class=\"elementor-widget-wrap elementor-element-populated\">\n\t\t\t\t\t\t<div class=\"elementor-element elementor-element-d1ca1ef elementor-widget elementor-widget-text-editor\" data-id=\"d1ca1ef\" data-element_type=\"widget\" data-widget_type=\"text-editor.default\">\n\t\t\t\t<div class=\"elementor-widget-container\">\n\t\t\t\t\t\t\t<div><div><p class=\"otl-paragraph\">Fique atento a mais actualiza\u00e7\u00f5es da MiMA \u00e0 medida que continuamos a inovar e a liderar a ind\u00fastria de manuseamento de materiais!<\/p><p class=\"otl-paragraph\">A exposi\u00e7\u00e3o do ninho a que o MiMA se dirige \u00e9: <strong>SiTL 2025<\/strong><\/p><p class=\"otl-paragraph\"><strong>Data<\/strong>\uff1a1\u00ba - 3 de abril de 2025<\/p><p class=\"otl-paragraph\"><strong>Localiza\u00e7\u00e3o<\/strong>: Paris - Porte de Versailles - Pav. 1<\/p><p class=\"otl-paragraph\"><strong>Stand #: M022<\/strong><\/p><\/div><\/div>\t\t\t\t\t\t<\/div>\n\t\t\t\t<\/div>\n\t\t\t\t\t<\/div>\n\t\t<\/div>\n\t\t\t\t\t<\/div>\n\t\t<\/section>\n\t\t\t\t<section class=\"elementor-section elementor-top-section elementor-element elementor-element-a9ddb45 elementor-section-boxed elementor-section-height-default elementor-section-height-default\" data-id=\"a9ddb45\" data-element_type=\"section\">\n\t\t\t\t\t\t<div class=\"elementor-container elementor-column-gap-default\">\n\t\t\t\t\t<div class=\"elementor-column elementor-col-100 elementor-top-column elementor-element elementor-element-ca0a336\" data-id=\"ca0a336\" data-element_type=\"column\">\n\t\t\t<div class=\"elementor-widget-wrap elementor-element-populated\">\n\t\t\t\t\t\t<div class=\"elementor-element elementor-element-33254ec elementor-widget elementor-widget-image\" data-id=\"33254ec\" data-element_type=\"widget\" data-widget_type=\"image.default\">\n\t\t\t\t<div class=\"elementor-widget-container\">\n\t\t\t\t\t\t\t\t\t\t\t\t\t<img decoding=\"async\" width=\"800\" height=\"450\" src=\"https:\/\/www.mimaforklift.com\/wp-content\/uploads\/2025\/03\/25\u6cd5\u56fd-1024x576.jpg\" class=\"attachment-large size-large wp-image-8775\" alt=\"\" srcset=\"https:\/\/www.mimaforklift.com\/wp-content\/uploads\/2025\/03\/25\u6cd5\u56fd-1024x576.jpg 1024w, https:\/\/www.mimaforklift.com\/wp-content\/uploads\/2025\/03\/25\u6cd5\u56fd-300x169.jpg 300w, https:\/\/www.mimaforklift.com\/wp-content\/uploads\/2025\/03\/25\u6cd5\u56fd-768x432.jpg 768w, https:\/\/www.mimaforklift.com\/wp-content\/uploads\/2025\/03\/25\u6cd5\u56fd-1536x864.jpg 1536w, https:\/\/www.mimaforklift.com\/wp-content\/uploads\/2025\/03\/25\u6cd5\u56fd-18x10.jpg 18w, https:\/\/www.mimaforklift.com\/wp-content\/uploads\/2025\/03\/25\u6cd5\u56fd-600x338.jpg 600w, https:\/\/www.mimaforklift.com\/wp-content\/uploads\/2025\/03\/25\u6cd5\u56fd.jpg 1920w\" sizes=\"(max-width: 800px) 100vw, 800px\" \/>\t\t\t\t\t\t\t\t\t\t\t\t\t<\/div>\n\t\t\t\t<\/div>\n\t\t\t\t\t<\/div>\n\t\t<\/div>\n\t\t\t\t\t<\/div>\n\t\t<\/section>\n\t\t\t\t<\/div>","protected":false},"excerpt":{"rendered":"<p>Estugarda, 13 de mar\u00e7o de 2025 - A LogiMAT 2025 chegou ao fim, e a MiMA Forklift orgulha-se de ter feito parte desta feira internacional l\u00edder em intralog\u00edstica e gest\u00e3o da cadeia de abastecimento. De 11 a 13 de mar\u00e7o, a MiMA apresentou uma impressionante linha de empilhadores e solu\u00e7\u00f5es AGV no stand Halle 9 \/ Stand 9F76 na [...]<\/p>","protected":false},"author":5,"featured_media":8899,"comment_status":"open","ping_status":"open","sticky":false,"template":"","format":"standard","meta":{"_acf_changed":false,"_seopress_robots_primary_cat":"none","_seopress_titles_title":"","_seopress_titles_desc":"","_seopress_robots_index":"","footnotes":""},"categories":[75],"tags":[78,79],"class_list":["post-8892","post","type-post","status-publish","format-standard","has-post-thumbnail","hentry","category-trade-show","tag-articulated-forklift-forklift-front-driven-rear-driven-articulated-counterbalanced-forklift-swing-swing-angle-mima-forkliftpurchasing","tag-logimat-logimat-logimat-forklift-forklft-show-forklift-trade-show"],"acf":[],"_links":{"self":[{"href":"https:\/\/www.mimaforklift.com\/pt\/wp-json\/wp\/v2\/posts\/8892","targetHints":{"allow":["GET"]}}],"collection":[{"href":"https:\/\/www.mimaforklift.com\/pt\/wp-json\/wp\/v2\/posts"}],"about":[{"href":"https:\/\/www.mimaforklift.com\/pt\/wp-json\/wp\/v2\/types\/post"}],"author":[{"embeddable":true,"href":"https:\/\/www.mimaforklift.com\/pt\/wp-json\/wp\/v2\/users\/5"}],"replies":[{"embeddable":true,"href":"https:\/\/www.mimaforklift.com\/pt\/wp-json\/wp\/v2\/comments?post=8892"}],"version-history":[{"count":0,"href":"https:\/\/www.mimaforklift.com\/pt\/wp-json\/wp\/v2\/posts\/8892\/revisions"}],"wp:featuredmedia":[{"embeddable":true,"href":"https:\/\/www.mimaforklift.com\/pt\/wp-json\/wp\/v2\/media\/8899"}],"wp:attachment":[{"href":"https:\/\/www.mimaforklift.com\/pt\/wp-json\/wp\/v2\/media?parent=8892"}],"wp:term":[{"taxonomy":"category","embeddable":true,"href":"https:\/\/www.mimaforklift.com\/pt\/wp-json\/wp\/v2\/categories?post=8892"},{"taxonomy":"post_tag","embeddable":true,"href":"https:\/\/www.mimaforklift.com\/pt\/wp-json\/wp\/v2\/tags?post=8892"}],"curies":[{"name":"wp","href":"https:\/\/api.w.org\/{rel}","templated":true}]}}