{"id":7827,"date":"2024-10-25T02:15:13","date_gmt":"2024-10-25T02:15:13","guid":{"rendered":"https:\/\/www.mimaforklift.com\/?p=7827"},"modified":"2024-10-25T07:18:32","modified_gmt":"2024-10-25T07:18:32","slug":"mima-forklift-team-exhibits-at-logis-tech-tokyo-2024","status":"publish","type":"post","link":"https:\/\/www.mimaforklift.com\/pt\/mima-forklift-team-exhibits-at-logis-tech-tokyo-2024\/","title":{"rendered":"A equipa de empilhadores da MiMA exp\u00f5e na LOGIS-TECH TOKYO 2024"},"content":{"rendered":"<div data-elementor-type=\"wp-post\" data-elementor-id=\"7827\" class=\"elementor elementor-7827\" data-elementor-post-type=\"post\">\n\t\t\t\t\t\t<section class=\"elementor-section elementor-top-section elementor-element elementor-element-6f5fe1d elementor-section-boxed elementor-section-height-default elementor-section-height-default\" data-id=\"6f5fe1d\" data-element_type=\"section\">\n\t\t\t\t\t\t<div class=\"elementor-container elementor-column-gap-default\">\n\t\t\t\t\t<div class=\"elementor-column elementor-col-100 elementor-top-column elementor-element elementor-element-05d709f\" data-id=\"05d709f\" data-element_type=\"column\">\n\t\t\t<div class=\"elementor-widget-wrap elementor-element-populated\">\n\t\t\t\t\t\t<div class=\"elementor-element elementor-element-27d3859 elementor-widget elementor-widget-text-editor\" data-id=\"27d3859\" data-element_type=\"widget\" data-widget_type=\"text-editor.default\">\n\t\t\t\t<div class=\"elementor-widget-container\">\n\t\t\t\t\t\t\t<div data-page-id=\"VxPpdp37oo0dM6x7BR2c2Yh6nAf\" data-lark-html-role=\"root\" data-docx-has-block-data=\"false\"><div class=\"ace-line ace-line old-record-id-UKyZdG6RkoyWEaxigeKcjitNnbg\"><strong>T\u00f3quio, Jap\u00e3o<\/strong>: De 10 a 13 de setembro de 2024, o MiMA Forklift foi exposto na LOGIS-TECH TOKYO 2024, um grande evento de movimenta\u00e7\u00e3o de materiais no Jap\u00e3o. Realizado no Tokyo Big Sight East Hall 1, reuniu fabricantes de empilhadores e profissionais de log\u00edstica de todo o mundo. No stand n.\u00ba 703, a equipa da MiMA Forklift exibiu orgulhosamente os nossos empilhadores melhorados, incluindo modelos especialmente concebidos para os mercados japon\u00eas e coreano.<\/div><div class=\"ace-line ace-line old-record-id-UKyZdG6RkoyWEaxigeKcjitNnbg\">\u00a0<\/div><\/div>\t\t\t\t\t\t<\/div>\n\t\t\t\t<\/div>\n\t\t\t\t\t<\/div>\n\t\t<\/div>\n\t\t\t\t\t<\/div>\n\t\t<\/section>\n\t\t\t\t<section class=\"elementor-section elementor-top-section elementor-element elementor-element-513d630 elementor-section-boxed elementor-section-height-default elementor-section-height-default\" data-id=\"513d630\" data-element_type=\"section\">\n\t\t\t\t\t\t<div class=\"elementor-container elementor-column-gap-default\">\n\t\t\t\t\t<div class=\"elementor-column elementor-col-100 elementor-top-column elementor-element elementor-element-c98dcd7\" data-id=\"c98dcd7\" data-element_type=\"column\">\n\t\t\t<div class=\"elementor-widget-wrap elementor-element-populated\">\n\t\t\t\t\t\t<div class=\"elementor-element elementor-element-479c245 elementor-widget elementor-widget-image\" data-id=\"479c245\" data-element_type=\"widget\" data-widget_type=\"image.default\">\n\t\t\t\t<div class=\"elementor-widget-container\">\n\t\t\t\t\t\t\t\t\t\t\t\t\t<img fetchpriority=\"high\" decoding=\"async\" width=\"300\" height=\"169\" src=\"https:\/\/www.mimaforklift.com\/wp-content\/uploads\/2024\/10\/\u65e5\u672c\u5c55\u4f1a\u9080\u8bf7\u6d77\u62a5-300x169.jpg\" class=\"attachment-medium size-medium wp-image-7838\" alt=\"\" srcset=\"https:\/\/www.mimaforklift.com\/wp-content\/uploads\/2024\/10\/\u65e5\u672c\u5c55\u4f1a\u9080\u8bf7\u6d77\u62a5-300x169.jpg 300w, https:\/\/www.mimaforklift.com\/wp-content\/uploads\/2024\/10\/\u65e5\u672c\u5c55\u4f1a\u9080\u8bf7\u6d77\u62a5-1024x576.jpg 1024w, https:\/\/www.mimaforklift.com\/wp-content\/uploads\/2024\/10\/\u65e5\u672c\u5c55\u4f1a\u9080\u8bf7\u6d77\u62a5-768x432.jpg 768w, https:\/\/www.mimaforklift.com\/wp-content\/uploads\/2024\/10\/\u65e5\u672c\u5c55\u4f1a\u9080\u8bf7\u6d77\u62a5-1536x864.jpg 1536w, https:\/\/www.mimaforklift.com\/wp-content\/uploads\/2024\/10\/\u65e5\u672c\u5c55\u4f1a\u9080\u8bf7\u6d77\u62a5-600x338.jpg 600w, https:\/\/www.mimaforklift.com\/wp-content\/uploads\/2024\/10\/\u65e5\u672c\u5c55\u4f1a\u9080\u8bf7\u6d77\u62a5.jpg 1920w\" sizes=\"(max-width: 300px) 100vw, 300px\" \/>\t\t\t\t\t\t\t\t\t\t\t\t\t<\/div>\n\t\t\t\t<\/div>\n\t\t\t\t\t<\/div>\n\t\t<\/div>\n\t\t\t\t\t<\/div>\n\t\t<\/section>\n\t\t\t\t<section class=\"elementor-section elementor-top-section elementor-element elementor-element-d9bdf41 elementor-section-boxed elementor-section-height-default elementor-section-height-default\" data-id=\"d9bdf41\" data-element_type=\"section\">\n\t\t\t\t\t\t<div class=\"elementor-container elementor-column-gap-default\">\n\t\t\t\t\t<div class=\"elementor-column elementor-col-100 elementor-top-column elementor-element elementor-element-15a9579\" data-id=\"15a9579\" data-element_type=\"column\">\n\t\t\t<div class=\"elementor-widget-wrap elementor-element-populated\">\n\t\t\t\t\t\t<div class=\"elementor-element elementor-element-e319163 elementor-widget elementor-widget-text-editor\" data-id=\"e319163\" data-element_type=\"widget\" data-widget_type=\"text-editor.default\">\n\t\t\t\t<div class=\"elementor-widget-container\">\n\t\t\t\t\t\t\t<div data-page-id=\"VxPpdp37oo0dM6x7BR2c2Yh6nAf\" data-lark-html-role=\"root\" data-docx-has-block-data=\"false\"><h3 class=\"ace-line ace-line old-record-id-TOuZdBH5To8SfCxBYLacrTEQnbp\"><strong>Apresenta\u00e7\u00e3o de novos produtos:<\/strong><\/h3><div class=\"ace-line ace-line old-record-id-VKQSdizzqos1l9xUwYZc6ODjnHe\">Na LOGIS-TECH TOKYO 2024, apresent\u00e1mos 4 unidades diferentes da linha completa de equipamento de manuseamento de materiais da MiMA. Isso incluiu:<\/div><ul class=\"list-bullet1\"><li class=\"ace-line ace-line old-record-id-OWEvd1DJooYHnLxAr7wcsJTBn4g\" data-list=\"bullet\"><div><a href=\"https:\/\/www.mimaforklift.com\/pt\/narrow-aisle-forklift\/man-up-turret-truck-mcc16u\/\"><strong>MCC16-33: Cami\u00e3o de torreta manual<\/strong><\/a> O MCC16, com uma altura de eleva\u00e7\u00e3o de at\u00e9 7,5 metros, foi concebido para um manuseamento preciso e eficiente em VNA. Equipado com um motor de 80V AC isento de manuten\u00e7\u00e3o e garfos rotativos de 180 graus, permite um empilhamento e recolha suaves, tornando-o na escolha ideal para ambientes de armaz\u00e9m modernos e de alta densidade.<\/div><\/li><li class=\"ace-line ace-line old-record-id-Jfcbd1Vdhot33jxju4McADYpn3d\" data-list=\"bullet\"><div><a href=\"https:\/\/www.mimaforklift.com\/pt\/narrow-aisle-forklift\/stand-on-3-way-pallet-stacker-mc12-mc16\/\"><strong>MC08-40: Empilhador de paletes de 3 vias<\/strong><\/a> Conhecido pelo seu design compacto e versatilidade, o MC08 pode elevar mercadorias at\u00e9 6 metros. A sua dire\u00e7\u00e3o assistida eletricamente e o deslocamento lateral permitem um manuseamento f\u00e1cil das paletes sem virar o ve\u00edculo, tornando-o ideal para aplica\u00e7\u00f5es VNA em <em><strong>os mercados japon\u00eas e coreano.<\/strong><\/em><\/div><\/li><li class=\"ace-line ace-line old-record-id-RKwsdbiWCovrpIx8VvUckV0knpc\" data-list=\"bullet\"><div><a href=\"https:\/\/www.mimaforklift.com\/pt\/multidirectional-forklift\/mqk30\/\"><strong>MQK30-46: Empilhador multidirecional de contrapeso<\/strong><\/a> Este modelo recentemente redesenhado vem com um assento centrado para um melhor equil\u00edbrio, um corpo mais estreito para uma melhor manobrabilidade e uma v\u00e1lvula proporcional sens\u00edvel \u00e0 carga para um funcionamento hidr\u00e1ulico suave. O seu tamanho compacto e o design atualizado tornam-no ideal para manobrar <em><strong>materiais longos em espa\u00e7os apertados.<\/strong><\/em><\/div><\/li><li class=\"ace-line ace-line old-record-id-Rl1VdZ6Rdo2sGsxjet5c3ozWnFf\" data-list=\"bullet\"><div><a href=\"https:\/\/www.mimaforklift.com\/pt\/reach-truck\/mf12-mf30\/\"><strong>MF15-45: Empilhadeira el\u00e9trica com mastro retr\u00e1til<\/strong><\/a> O MF15, com um motor de eleva\u00e7\u00e3o mais potente de 8,6 kW e um carregador integrado, demonstrou os avan\u00e7os da MiMA em solu\u00e7\u00f5es compactas e robustas. Com ventoinhas de arrefecimento adicionais e um eixo oscilante redesenhado com lubrifica\u00e7\u00e3o integrada, este modelo real\u00e7a a durabilidade e o desempenho.<\/div><\/li><\/ul><div>\u00a0<\/div><\/div>\t\t\t\t\t\t<\/div>\n\t\t\t\t<\/div>\n\t\t\t\t\t<\/div>\n\t\t<\/div>\n\t\t\t\t\t<\/div>\n\t\t<\/section>\n\t\t\t\t<section class=\"elementor-section elementor-top-section elementor-element elementor-element-34c6847 elementor-section-boxed elementor-section-height-default elementor-section-height-default\" data-id=\"34c6847\" data-element_type=\"section\">\n\t\t\t\t\t\t<div class=\"elementor-container elementor-column-gap-default\">\n\t\t\t\t\t<div class=\"elementor-column elementor-col-100 elementor-top-column elementor-element elementor-element-5980300\" data-id=\"5980300\" data-element_type=\"column\">\n\t\t\t<div class=\"elementor-widget-wrap elementor-element-populated\">\n\t\t\t\t\t\t<div class=\"elementor-element elementor-element-f7b8015 elementor-widget elementor-widget-image\" data-id=\"f7b8015\" data-element_type=\"widget\" data-widget_type=\"image.default\">\n\t\t\t\t<div class=\"elementor-widget-container\">\n\t\t\t\t\t\t\t\t\t\t\t\t\t<img decoding=\"async\" width=\"300\" height=\"225\" src=\"https:\/\/www.mimaforklift.com\/wp-content\/uploads\/2024\/10\/\u65e5\u672c\u5c55\u4f1a2-300x225.jpg\" class=\"attachment-medium size-medium wp-image-7833\" alt=\"\" srcset=\"https:\/\/www.mimaforklift.com\/wp-content\/uploads\/2024\/10\/\u65e5\u672c\u5c55\u4f1a2-300x225.jpg 300w, https:\/\/www.mimaforklift.com\/wp-content\/uploads\/2024\/10\/\u65e5\u672c\u5c55\u4f1a2-1024x768.jpg 1024w, https:\/\/www.mimaforklift.com\/wp-content\/uploads\/2024\/10\/\u65e5\u672c\u5c55\u4f1a2-768x576.jpg 768w, https:\/\/www.mimaforklift.com\/wp-content\/uploads\/2024\/10\/\u65e5\u672c\u5c55\u4f1a2-1536x1152.jpg 1536w, https:\/\/www.mimaforklift.com\/wp-content\/uploads\/2024\/10\/\u65e5\u672c\u5c55\u4f1a2-2048x1536.jpg 2048w, https:\/\/www.mimaforklift.com\/wp-content\/uploads\/2024\/10\/\u65e5\u672c\u5c55\u4f1a2-600x450.jpg 600w\" sizes=\"(max-width: 300px) 100vw, 300px\" \/>\t\t\t\t\t\t\t\t\t\t\t\t\t<\/div>\n\t\t\t\t<\/div>\n\t\t\t\t\t<\/div>\n\t\t<\/div>\n\t\t\t\t\t<\/div>\n\t\t<\/section>\n\t\t\t\t<section class=\"elementor-section elementor-top-section elementor-element elementor-element-293f1d5 elementor-section-boxed elementor-section-height-default elementor-section-height-default\" data-id=\"293f1d5\" data-element_type=\"section\">\n\t\t\t\t\t\t<div class=\"elementor-container elementor-column-gap-default\">\n\t\t\t\t\t<div class=\"elementor-column elementor-col-100 elementor-top-column elementor-element elementor-element-519c89d\" data-id=\"519c89d\" data-element_type=\"column\">\n\t\t\t<div class=\"elementor-widget-wrap elementor-element-populated\">\n\t\t\t\t\t\t<div class=\"elementor-element elementor-element-1f1cd72 elementor-widget elementor-widget-text-editor\" data-id=\"1f1cd72\" data-element_type=\"widget\" data-widget_type=\"text-editor.default\">\n\t\t\t\t<div class=\"elementor-widget-container\">\n\t\t\t\t\t\t\t<div data-page-id=\"VxPpdp37oo0dM6x7BR2c2Yh6nAf\" data-lark-html-role=\"root\" data-docx-has-block-data=\"false\"><h3 class=\"ace-line ace-line old-record-id-VOa4dL31xoXpdaxQYojchrCrnXb\"><strong>Expositores e visitantes elogiam o desempenho do MiMA<\/strong><\/h3><div class=\"ace-line ace-line old-record-id-RmkKdj3qKoRYhxx0rY9cc3Lpnpd\">Os participantes ficaram particularmente impressionados com a efici\u00eancia, precis\u00e3o e inova\u00e7\u00e3o tecnol\u00f3gica dos empilhadores da MiMA. Um visitante de uma empresa l\u00edder em log\u00edstica comentou: <em>\"As solu\u00e7\u00f5es da MiMA s\u00e3o exatamente o que precisamos para otimizar as nossas opera\u00e7\u00f5es em corredores estreitos. Os garfos rotativos e a elevada capacidade de eleva\u00e7\u00e3o do MCC16 ir\u00e3o aumentar significativamente a capacidade do nosso armaz\u00e9m.\"<\/em><\/div><div class=\"ace-line ace-line old-record-id-RmkKdj3qKoRYhxx0rY9cc3Lpnpd\"><em>\u00a0<\/em><\/div><div class=\"ace-line ace-line old-record-id-KxTBduofFouMgqxD0iVcOxGJnbe\">A MiMA tamb\u00e9m ofereceu demonstra\u00e7\u00f5es ao vivo, permitindo aos visitantes testar o desempenho dos empilhadores em primeira m\u00e3o. Os participantes puderam experimentar o bom funcionamento dos empilhadores retr\u00e1cteis e empilhadores da MiMA, que real\u00e7aram a sua precis\u00e3o, velocidade e facilidade de utiliza\u00e7\u00e3o.<\/div><div class=\"ace-line ace-line old-record-id-KxTBduofFouMgqxD0iVcOxGJnbe\">\u00a0<\/div><\/div>\t\t\t\t\t\t<\/div>\n\t\t\t\t<\/div>\n\t\t\t\t\t<\/div>\n\t\t<\/div>\n\t\t\t\t\t<\/div>\n\t\t<\/section>\n\t\t\t\t<section class=\"elementor-section elementor-top-section elementor-element elementor-element-fb7bd49 elementor-section-boxed elementor-section-height-default elementor-section-height-default\" data-id=\"fb7bd49\" data-element_type=\"section\">\n\t\t\t\t\t\t<div class=\"elementor-container elementor-column-gap-default\">\n\t\t\t\t\t<div class=\"elementor-column elementor-col-100 elementor-top-column elementor-element elementor-element-01f47c8\" data-id=\"01f47c8\" data-element_type=\"column\">\n\t\t\t<div class=\"elementor-widget-wrap elementor-element-populated\">\n\t\t\t\t\t\t<div class=\"elementor-element elementor-element-8b82b19 elementor-widget elementor-widget-image\" data-id=\"8b82b19\" data-element_type=\"widget\" data-widget_type=\"image.default\">\n\t\t\t\t<div class=\"elementor-widget-container\">\n\t\t\t\t\t\t\t\t\t\t\t\t\t<img decoding=\"async\" width=\"300\" height=\"225\" src=\"https:\/\/www.mimaforklift.com\/wp-content\/uploads\/2024\/10\/\u65e5\u672c\u5c55\u4f1a6-300x225.jpg\" class=\"attachment-medium size-medium wp-image-7830\" alt=\"\" srcset=\"https:\/\/www.mimaforklift.com\/wp-content\/uploads\/2024\/10\/\u65e5\u672c\u5c55\u4f1a6-300x225.jpg 300w, https:\/\/www.mimaforklift.com\/wp-content\/uploads\/2024\/10\/\u65e5\u672c\u5c55\u4f1a6-1024x768.jpg 1024w, https:\/\/www.mimaforklift.com\/wp-content\/uploads\/2024\/10\/\u65e5\u672c\u5c55\u4f1a6-768x576.jpg 768w, https:\/\/www.mimaforklift.com\/wp-content\/uploads\/2024\/10\/\u65e5\u672c\u5c55\u4f1a6-1536x1152.jpg 1536w, https:\/\/www.mimaforklift.com\/wp-content\/uploads\/2024\/10\/\u65e5\u672c\u5c55\u4f1a6-2048x1536.jpg 2048w, https:\/\/www.mimaforklift.com\/wp-content\/uploads\/2024\/10\/\u65e5\u672c\u5c55\u4f1a6-600x450.jpg 600w\" sizes=\"(max-width: 300px) 100vw, 300px\" \/>\t\t\t\t\t\t\t\t\t\t\t\t\t<\/div>\n\t\t\t\t<\/div>\n\t\t\t\t\t<\/div>\n\t\t<\/div>\n\t\t\t\t\t<\/div>\n\t\t<\/section>\n\t\t\t\t<section class=\"elementor-section elementor-top-section elementor-element elementor-element-37d3b3a elementor-section-boxed elementor-section-height-default elementor-section-height-default\" data-id=\"37d3b3a\" data-element_type=\"section\">\n\t\t\t\t\t\t<div class=\"elementor-container elementor-column-gap-default\">\n\t\t\t\t\t<div class=\"elementor-column elementor-col-100 elementor-top-column elementor-element elementor-element-cbfe525\" data-id=\"cbfe525\" data-element_type=\"column\">\n\t\t\t<div class=\"elementor-widget-wrap elementor-element-populated\">\n\t\t\t\t\t\t<div class=\"elementor-element elementor-element-2f325bc elementor-widget elementor-widget-text-editor\" data-id=\"2f325bc\" data-element_type=\"widget\" data-widget_type=\"text-editor.default\">\n\t\t\t\t<div class=\"elementor-widget-container\">\n\t\t\t\t\t\t\t<div data-page-id=\"VxPpdp37oo0dM6x7BR2c2Yh6nAf\" data-lark-html-role=\"root\" data-docx-has-block-data=\"false\"><h3 class=\"ace-line ace-line old-record-id-S5c4dnPtPoOadxxakpOczKsRnYd\"><strong>Olhando para o futuro <\/strong><strong>Coopera\u00e7\u00e3o<\/strong><\/h3><div class=\"ace-line ace-line old-record-id-WGXRd8jWloiaiExrduvc4Np4nKz\">Com o forte interesse gerado no evento, a MiMA espera continuar a sua expans\u00e3o nos mercados japon\u00eas e asi\u00e1tico em geral. A MiMA Forklift ir\u00e1 apresentar os seus produtos em <strong>Log\u00edstica Next 2024<\/strong>que ter\u00e1 lugar em Utrecht, nos Pa\u00edses Baixos, de 5 a 7 de novembro de 2024.<\/div><div class=\"ace-line ace-line old-record-id-DrDrdA4ISofjTqxCOhBckhRLnKg\">\u00a0<\/div><div class=\"ace-line ace-line old-record-id-PG6PdQVuhoBV0rxJ6BTcLWVln6a\"><strong>Contactar-nos<\/strong>: Para mais informa\u00e7\u00f5es, contacte-nos atrav\u00e9s do n\u00famero +86-123-4567 ou <a href=\"mailto:sales@mimachina.com\" data-lark-is-custom=\"true\">sales@mimachina.com<\/a><\/div><\/div>\t\t\t\t\t\t<\/div>\n\t\t\t\t<\/div>\n\t\t\t\t<div class=\"elementor-element elementor-element-5430534 elementor-widget elementor-widget-image\" data-id=\"5430534\" data-element_type=\"widget\" data-widget_type=\"image.default\">\n\t\t\t\t<div class=\"elementor-widget-container\">\n\t\t\t\t\t\t\t\t\t\t\t\t\t<img loading=\"lazy\" decoding=\"async\" width=\"300\" height=\"225\" src=\"https:\/\/www.mimaforklift.com\/wp-content\/uploads\/2024\/10\/\u65e5\u672c\u5c55\u4f1a44-scaled-e1739173543781-300x225.jpg\" class=\"attachment-medium size-medium wp-image-7831\" alt=\"logis-tech T\u00f3quio pic\" srcset=\"https:\/\/www.mimaforklift.com\/wp-content\/uploads\/2024\/10\/\u65e5\u672c\u5c55\u4f1a44-scaled-e1739173543781-300x225.jpg 300w, https:\/\/www.mimaforklift.com\/wp-content\/uploads\/2024\/10\/\u65e5\u672c\u5c55\u4f1a44-scaled-e1739173543781-1024x768.jpg 1024w, https:\/\/www.mimaforklift.com\/wp-content\/uploads\/2024\/10\/\u65e5\u672c\u5c55\u4f1a44-scaled-e1739173543781-768x576.jpg 768w, https:\/\/www.mimaforklift.com\/wp-content\/uploads\/2024\/10\/\u65e5\u672c\u5c55\u4f1a44-scaled-e1739173543781-1536x1152.jpg 1536w, https:\/\/www.mimaforklift.com\/wp-content\/uploads\/2024\/10\/\u65e5\u672c\u5c55\u4f1a44-scaled-e1739173543781-2048x1536.jpg 2048w, https:\/\/www.mimaforklift.com\/wp-content\/uploads\/2024\/10\/\u65e5\u672c\u5c55\u4f1a44-scaled-e1739173543781-600x450.jpg 600w, https:\/\/www.mimaforklift.com\/wp-content\/uploads\/2024\/10\/\u65e5\u672c\u5c55\u4f1a44-scaled-e1739173543781-16x12.jpg 16w\" sizes=\"(max-width: 300px) 100vw, 300px\" \/>\t\t\t\t\t\t\t\t\t\t\t\t\t<\/div>\n\t\t\t\t<\/div>\n\t\t\t\t\t<\/div>\n\t\t<\/div>\n\t\t\t\t\t<\/div>\n\t\t<\/section>\n\t\t\t\t<\/div>","protected":false},"excerpt":{"rendered":"<p>T\u00f3quio, Jap\u00e3o: De 10 a 13 de setembro de 2024, o MiMA Forklift foi exposto na LOGIS-TECH TOKYO 2024, um grande evento de manuseamento de materiais no Jap\u00e3o. Realizado no Tokyo Big Sight East Hall 1, reuniu fabricantes de empilhadores e profissionais de log\u00edstica de todo o mundo. No stand n.\u00ba 703, a equipa da MiMA Forklift exibiu orgulhosamente a nossa [...]<\/p>","protected":false},"author":5,"featured_media":7835,"comment_status":"open","ping_status":"open","sticky":false,"template":"","format":"standard","meta":{"_acf_changed":false,"_seopress_robots_primary_cat":"none","_seopress_titles_title":"","_seopress_titles_desc":"","_seopress_robots_index":"","footnotes":""},"categories":[75],"tags":[],"class_list":["post-7827","post","type-post","status-publish","format-standard","has-post-thumbnail","hentry","category-trade-show"],"acf":[],"_links":{"self":[{"href":"https:\/\/www.mimaforklift.com\/pt\/wp-json\/wp\/v2\/posts\/7827","targetHints":{"allow":["GET"]}}],"collection":[{"href":"https:\/\/www.mimaforklift.com\/pt\/wp-json\/wp\/v2\/posts"}],"about":[{"href":"https:\/\/www.mimaforklift.com\/pt\/wp-json\/wp\/v2\/types\/post"}],"author":[{"embeddable":true,"href":"https:\/\/www.mimaforklift.com\/pt\/wp-json\/wp\/v2\/users\/5"}],"replies":[{"embeddable":true,"href":"https:\/\/www.mimaforklift.com\/pt\/wp-json\/wp\/v2\/comments?post=7827"}],"version-history":[{"count":0,"href":"https:\/\/www.mimaforklift.com\/pt\/wp-json\/wp\/v2\/posts\/7827\/revisions"}],"wp:featuredmedia":[{"embeddable":true,"href":"https:\/\/www.mimaforklift.com\/pt\/wp-json\/wp\/v2\/media\/7835"}],"wp:attachment":[{"href":"https:\/\/www.mimaforklift.com\/pt\/wp-json\/wp\/v2\/media?parent=7827"}],"wp:term":[{"taxonomy":"category","embeddable":true,"href":"https:\/\/www.mimaforklift.com\/pt\/wp-json\/wp\/v2\/categories?post=7827"},{"taxonomy":"post_tag","embeddable":true,"href":"https:\/\/www.mimaforklift.com\/pt\/wp-json\/wp\/v2\/tags?post=7827"}],"curies":[{"name":"wp","href":"https:\/\/api.w.org\/{rel}","templated":true}]}}