{"id":8999,"date":"2025-04-15T06:24:32","date_gmt":"2025-04-15T06:24:32","guid":{"rendered":"https:\/\/www.mimaforklift.com\/?p=8999"},"modified":"2025-05-13T05:51:20","modified_gmt":"2025-05-13T05:51:20","slug":"elvaan-equipment-solutions-mima-forklifts-partner-to-shine-at-alberta-equipment-expo-2025","status":"publish","type":"post","link":"https:\/\/www.mimaforklift.com\/it\/elvaan-equipment-solutions-mima-forklifts-partner-to-shine-at-alberta-equipment-expo-2025\/","title":{"rendered":"Elvaan Equipment Solutions, partner di MiMA Forklift, briller\u00e0 all'Alberta Equipment Expo 2025!"},"content":{"rendered":"<div data-elementor-type=\"wp-post\" data-elementor-id=\"8999\" class=\"elementor elementor-8999\" data-elementor-post-type=\"post\">\n\t\t\t\t\t\t<section class=\"elementor-section elementor-top-section elementor-element elementor-element-1a98b30 elementor-section-boxed elementor-section-height-default elementor-section-height-default\" data-id=\"1a98b30\" data-element_type=\"section\">\n\t\t\t\t\t\t<div class=\"elementor-container elementor-column-gap-default\">\n\t\t\t\t\t<div class=\"elementor-column elementor-col-100 elementor-top-column elementor-element elementor-element-1fc9b32\" data-id=\"1fc9b32\" data-element_type=\"column\">\n\t\t\t<div class=\"elementor-widget-wrap elementor-element-populated\">\n\t\t\t\t\t\t<div class=\"elementor-element elementor-element-ca6d932 elementor-widget elementor-widget-text-editor\" data-id=\"ca6d932\" data-element_type=\"widget\" data-widget_type=\"text-editor.default\">\n\t\t\t\t<div class=\"elementor-widget-container\">\n\t\t\t\t\t\t\t<div><div><p class=\"otl-paragraph\">Siamo entusiasti di annunciare che <strong>Soluzioni per attrezzature Elvaan<\/strong>, distributore esclusivo di MiMA Forklift in Canada, parteciper\u00e0 alla prossima edizione di <strong>Fiera delle attrezzature di Alberta<\/strong> da <strong>24-25 aprile 2025<\/strong>. Se lavorate nel settore della movimentazione dei materiali, questo \u00e8 un evento da non perdere!<\/p><p class=\"otl-paragraph\">Elvaan Equipment Solutions presenter\u00e0 le sue soluzioni complete, il suo servizio di assistenza completo e la sua gamma di prodotti. <strong>I modelli innovativi di carrelli elevatori MiMA<\/strong> a <strong>Stand C3, Padiglione C<\/strong>. Questa \u00e8 l'occasione per fare esperienza diretta con i nostri carrelli elevatori, noti per la loro affidabilit\u00e0, efficienza e design innovativo, che li rendono ideali per una variet\u00e0 di applicazioni industriali.<\/p><\/div><\/div>\t\t\t\t\t\t<\/div>\n\t\t\t\t<\/div>\n\t\t\t\t\t<\/div>\n\t\t<\/div>\n\t\t\t\t\t<\/div>\n\t\t<\/section>\n\t\t\t\t<section class=\"elementor-section elementor-top-section elementor-element elementor-element-6ca40ee elementor-section-boxed elementor-section-height-default elementor-section-height-default\" data-id=\"6ca40ee\" data-element_type=\"section\">\n\t\t\t\t\t\t<div class=\"elementor-container elementor-column-gap-default\">\n\t\t\t\t\t<div class=\"elementor-column elementor-col-100 elementor-top-column elementor-element elementor-element-60b5c65\" data-id=\"60b5c65\" data-element_type=\"column\">\n\t\t\t<div class=\"elementor-widget-wrap elementor-element-populated\">\n\t\t\t\t\t\t<div class=\"elementor-element elementor-element-b2620d9 elementor-widget elementor-widget-text-editor\" data-id=\"b2620d9\" data-element_type=\"widget\" data-widget_type=\"text-editor.default\">\n\t\t\t\t<div class=\"elementor-widget-container\">\n\t\t\t\t\t\t\t<div><div><h3 class=\"otl-paragraph\"><strong>Dettagli dell'evento:<\/strong><\/h3><ul><li class=\"otl-paragraph\"><strong>Nome della mostra<\/strong>: Alberta Equipment Expo 2025<\/li><li class=\"otl-paragraph\"><strong>Data<\/strong>: 24-25 aprile 2025<\/li><li class=\"otl-paragraph\"><strong>Numero dello stand<\/strong>: C3, Padiglione C<\/li><\/ul><\/div><\/div>\t\t\t\t\t\t<\/div>\n\t\t\t\t<\/div>\n\t\t\t\t<div class=\"elementor-element elementor-element-121dba7 elementor-widget elementor-widget-image\" data-id=\"121dba7\" data-element_type=\"widget\" data-widget_type=\"image.default\">\n\t\t\t\t<div class=\"elementor-widget-container\">\n\t\t\t\t\t\t\t\t\t\t\t\t\t<img fetchpriority=\"high\" decoding=\"async\" width=\"800\" height=\"800\" src=\"https:\/\/www.mimaforklift.com\/wp-content\/uploads\/2025\/04\/image-1-1024x1024.jpeg\" class=\"attachment-large size-large wp-image-9004\" alt=\"\" srcset=\"https:\/\/www.mimaforklift.com\/wp-content\/uploads\/2025\/04\/image-1-1024x1024.jpeg 1024w, https:\/\/www.mimaforklift.com\/wp-content\/uploads\/2025\/04\/image-1-300x300.jpeg 300w, https:\/\/www.mimaforklift.com\/wp-content\/uploads\/2025\/04\/image-1-150x150.jpeg 150w, https:\/\/www.mimaforklift.com\/wp-content\/uploads\/2025\/04\/image-1-768x768.jpeg 768w, https:\/\/www.mimaforklift.com\/wp-content\/uploads\/2025\/04\/image-1-12x12.jpeg 12w, https:\/\/www.mimaforklift.com\/wp-content\/uploads\/2025\/04\/image-1-600x600.jpeg 600w, https:\/\/www.mimaforklift.com\/wp-content\/uploads\/2025\/04\/image-1.jpeg 1200w\" sizes=\"(max-width: 800px) 100vw, 800px\" \/>\t\t\t\t\t\t\t\t\t\t\t\t\t<\/div>\n\t\t\t\t<\/div>\n\t\t\t\t\t<\/div>\n\t\t<\/div>\n\t\t\t\t\t<\/div>\n\t\t<\/section>\n\t\t\t\t<section class=\"elementor-section elementor-top-section elementor-element elementor-element-8aea06f elementor-section-boxed elementor-section-height-default elementor-section-height-default\" data-id=\"8aea06f\" data-element_type=\"section\">\n\t\t\t\t\t\t<div class=\"elementor-container elementor-column-gap-default\">\n\t\t\t\t\t<div class=\"elementor-column elementor-col-100 elementor-top-column elementor-element elementor-element-2046413\" data-id=\"2046413\" data-element_type=\"column\">\n\t\t\t<div class=\"elementor-widget-wrap elementor-element-populated\">\n\t\t\t\t\t\t<div class=\"elementor-element elementor-element-3b3e519 elementor-widget elementor-widget-text-editor\" data-id=\"3b3e519\" data-element_type=\"widget\" data-widget_type=\"text-editor.default\">\n\t\t\t\t<div class=\"elementor-widget-container\">\n\t\t\t\t\t\t\t<div><div><h3 class=\"otl-paragraph\"><strong>Prodotti in evidenza:<\/strong><\/h3><\/div><\/div>\t\t\t\t\t\t<\/div>\n\t\t\t\t<\/div>\n\t\t\t\t\t<\/div>\n\t\t<\/div>\n\t\t\t\t\t<\/div>\n\t\t<\/section>\n\t\t\t\t<section class=\"elementor-section elementor-top-section elementor-element elementor-element-9e73f7e elementor-section-boxed elementor-section-height-default elementor-section-height-default\" data-id=\"9e73f7e\" data-element_type=\"section\">\n\t\t\t\t\t\t<div class=\"elementor-container elementor-column-gap-default\">\n\t\t\t\t\t<div class=\"elementor-column elementor-col-100 elementor-top-column elementor-element elementor-element-66840bb\" data-id=\"66840bb\" data-element_type=\"column\">\n\t\t\t<div class=\"elementor-widget-wrap elementor-element-populated\">\n\t\t\t\t\t\t<section class=\"elementor-section elementor-inner-section elementor-element elementor-element-a89eed8 elementor-section-boxed elementor-section-height-default elementor-section-height-default\" data-id=\"a89eed8\" data-element_type=\"section\">\n\t\t\t\t\t\t<div class=\"elementor-container elementor-column-gap-default\">\n\t\t\t\t\t<div class=\"elementor-column elementor-col-50 elementor-inner-column elementor-element elementor-element-45f16a0\" data-id=\"45f16a0\" data-element_type=\"column\">\n\t\t\t<div class=\"elementor-widget-wrap elementor-element-populated\">\n\t\t\t\t\t\t<div class=\"elementor-element elementor-element-446139e elementor-widget elementor-widget-text-editor\" data-id=\"446139e\" data-element_type=\"widget\" data-widget_type=\"text-editor.default\">\n\t\t\t\t<div class=\"elementor-widget-container\">\n\t\t\t\t\t\t\t<div><div><a href=\"https:\/\/www.mimaforklift.com\/it\/multidirectional-forklift\/mqk30\/\"><strong>1MQK30<\/strong>: Carrello elevatore controbilanciato multidirezionale<\/a>compatto ma potente<\/div><\/div>\t\t\t\t\t\t<\/div>\n\t\t\t\t<\/div>\n\t\t\t\t<div class=\"elementor-element elementor-element-0d141b1 elementor-widget elementor-widget-image\" data-id=\"0d141b1\" data-element_type=\"widget\" data-widget_type=\"image.default\">\n\t\t\t\t<div class=\"elementor-widget-container\">\n\t\t\t\t\t\t\t\t\t\t\t\t\t<img decoding=\"async\" width=\"800\" height=\"800\" src=\"https:\/\/www.mimaforklift.com\/wp-content\/uploads\/2025\/01\/MQK-4.jpg\" class=\"attachment-large size-large wp-image-8390\" alt=\"Carrello elevatore multidirezionale controbilanciato\" srcset=\"https:\/\/www.mimaforklift.com\/wp-content\/uploads\/2025\/01\/MQK-4.jpg 800w, https:\/\/www.mimaforklift.com\/wp-content\/uploads\/2025\/01\/MQK-4-300x300.jpg 300w, https:\/\/www.mimaforklift.com\/wp-content\/uploads\/2025\/01\/MQK-4-150x150.jpg 150w, https:\/\/www.mimaforklift.com\/wp-content\/uploads\/2025\/01\/MQK-4-768x768.jpg 768w, https:\/\/www.mimaforklift.com\/wp-content\/uploads\/2025\/01\/MQK-4-12x12.jpg 12w, https:\/\/www.mimaforklift.com\/wp-content\/uploads\/2025\/01\/MQK-4-600x600.jpg 600w\" sizes=\"(max-width: 800px) 100vw, 800px\" \/>\t\t\t\t\t\t\t\t\t\t\t\t\t<\/div>\n\t\t\t\t<\/div>\n\t\t\t\t\t<\/div>\n\t\t<\/div>\n\t\t\t\t<div class=\"elementor-column elementor-col-50 elementor-inner-column elementor-element elementor-element-8b980fa\" data-id=\"8b980fa\" data-element_type=\"column\">\n\t\t\t<div class=\"elementor-widget-wrap elementor-element-populated\">\n\t\t\t\t\t\t<div class=\"elementor-element elementor-element-d55aa98 elementor-widget elementor-widget-text-editor\" data-id=\"d55aa98\" data-element_type=\"widget\" data-widget_type=\"text-editor.default\">\n\t\t\t\t<div class=\"elementor-widget-container\">\n\t\t\t\t\t\t\t<div><div><a href=\"https:\/\/www.mimaforklift.com\/it\/electric-counterbalance-forklift\/mk15-mk40\/\"><strong>MK30<\/strong>: Carrello elevatore controbilanciato<\/a>, noto per le sue prestazioni affidabili in operazioni ad alto carico.<\/div><\/div>\t\t\t\t\t\t<\/div>\n\t\t\t\t<\/div>\n\t\t\t\t<div class=\"elementor-element elementor-element-552753a elementor-widget elementor-widget-image\" data-id=\"552753a\" data-element_type=\"widget\" data-widget_type=\"image.default\">\n\t\t\t\t<div class=\"elementor-widget-container\">\n\t\t\t\t\t\t\t\t\t\t\t\t\t<img decoding=\"async\" width=\"720\" height=\"644\" src=\"https:\/\/www.mimaforklift.com\/wp-content\/uploads\/2024\/07\/Electric-Counterbalance-Forklift-II-4.jpg\" class=\"attachment-large size-large wp-image-6297\" alt=\"Carrello elevatore elettrico controbilanciato II\" srcset=\"https:\/\/www.mimaforklift.com\/wp-content\/uploads\/2024\/07\/Electric-Counterbalance-Forklift-II-4.jpg 720w, https:\/\/www.mimaforklift.com\/wp-content\/uploads\/2024\/07\/Electric-Counterbalance-Forklift-II-4-300x268.jpg 300w, https:\/\/www.mimaforklift.com\/wp-content\/uploads\/2024\/07\/Electric-Counterbalance-Forklift-II-4-600x537.jpg 600w\" sizes=\"(max-width: 720px) 100vw, 720px\" \/>\t\t\t\t\t\t\t\t\t\t\t\t\t<\/div>\n\t\t\t\t<\/div>\n\t\t\t\t\t<\/div>\n\t\t<\/div>\n\t\t\t\t\t<\/div>\n\t\t<\/section>\n\t\t\t\t\t<\/div>\n\t\t<\/div>\n\t\t\t\t\t<\/div>\n\t\t<\/section>\n\t\t\t\t<section class=\"elementor-section elementor-top-section elementor-element elementor-element-10fffa4 elementor-section-boxed elementor-section-height-default elementor-section-height-default\" data-id=\"10fffa4\" data-element_type=\"section\">\n\t\t\t\t\t\t<div class=\"elementor-container elementor-column-gap-default\">\n\t\t\t\t\t<div class=\"elementor-column elementor-col-100 elementor-top-column elementor-element elementor-element-cb0a56b\" data-id=\"cb0a56b\" data-element_type=\"column\">\n\t\t\t<div class=\"elementor-widget-wrap elementor-element-populated\">\n\t\t\t\t\t\t<section class=\"elementor-section elementor-inner-section elementor-element elementor-element-6d1fbba elementor-section-boxed elementor-section-height-default elementor-section-height-default\" data-id=\"6d1fbba\" data-element_type=\"section\">\n\t\t\t\t\t\t<div class=\"elementor-container elementor-column-gap-default\">\n\t\t\t\t\t<div class=\"elementor-column elementor-col-50 elementor-inner-column elementor-element elementor-element-828ae1b\" data-id=\"828ae1b\" data-element_type=\"column\">\n\t\t\t<div class=\"elementor-widget-wrap elementor-element-populated\">\n\t\t\t\t\t\t<div class=\"elementor-element elementor-element-5fe4768 elementor-widget elementor-widget-text-editor\" data-id=\"5fe4768\" data-element_type=\"widget\" data-widget_type=\"text-editor.default\">\n\t\t\t\t<div class=\"elementor-widget-container\">\n\t\t\t\t\t\t\t<div><div><a href=\"https:\/\/www.mimaforklift.com\/it\/electric-counterbalance-forklift\/tkc16-tkc20\/\"><strong>TKC20<\/strong>: Carrello elevatore controbilanciato a 3 ruote<\/a>che offre manovrabilit\u00e0 in spazi ristretti.<\/div><\/div>\t\t\t\t\t\t<\/div>\n\t\t\t\t<\/div>\n\t\t\t\t<div class=\"elementor-element elementor-element-fd65e82 elementor-widget elementor-widget-image\" data-id=\"fd65e82\" data-element_type=\"widget\" data-widget_type=\"image.default\">\n\t\t\t\t<div class=\"elementor-widget-container\">\n\t\t\t\t\t\t\t\t\t\t\t\t\t<img loading=\"lazy\" decoding=\"async\" width=\"720\" height=\"644\" src=\"https:\/\/www.mimaforklift.com\/wp-content\/uploads\/2024\/09\/3-wheel-counterbalance-forklift-TKC.jpg\" class=\"attachment-large size-large wp-image-6659\" alt=\"Carrello elevatore controbilanciato a 3 ruote serie TKC\" srcset=\"https:\/\/www.mimaforklift.com\/wp-content\/uploads\/2024\/09\/3-wheel-counterbalance-forklift-TKC.jpg 720w, https:\/\/www.mimaforklift.com\/wp-content\/uploads\/2024\/09\/3-wheel-counterbalance-forklift-TKC-300x268.jpg 300w, https:\/\/www.mimaforklift.com\/wp-content\/uploads\/2024\/09\/3-wheel-counterbalance-forklift-TKC-600x537.jpg 600w\" sizes=\"(max-width: 720px) 100vw, 720px\" \/>\t\t\t\t\t\t\t\t\t\t\t\t\t<\/div>\n\t\t\t\t<\/div>\n\t\t\t\t\t<\/div>\n\t\t<\/div>\n\t\t\t\t<div class=\"elementor-column elementor-col-50 elementor-inner-column elementor-element elementor-element-48fef36\" data-id=\"48fef36\" data-element_type=\"column\">\n\t\t\t<div class=\"elementor-widget-wrap elementor-element-populated\">\n\t\t\t\t\t\t<div class=\"elementor-element elementor-element-4d3891f elementor-widget elementor-widget-text-editor\" data-id=\"4d3891f\" data-element_type=\"widget\" data-widget_type=\"text-editor.default\">\n\t\t\t\t<div class=\"elementor-widget-container\">\n\t\t\t\t\t\t\t<div><div><a href=\"https:\/\/www.mimaforklift.com\/it\/narrow-aisle-forklift\/3-way-pallet-stacker-mcc12\/\" data-wplink-edit=\"true\"><strong>Serie MCC<\/strong>: Camioncino con torretta<\/a>, progettata per garantire la massima efficienza e capacit\u00e0 di stoccaggio.<\/div><\/div>\t\t\t\t\t\t<\/div>\n\t\t\t\t<\/div>\n\t\t\t\t<div class=\"elementor-element elementor-element-2ef3358 elementor-widget elementor-widget-image\" data-id=\"2ef3358\" data-element_type=\"widget\" data-widget_type=\"image.default\">\n\t\t\t\t<div class=\"elementor-widget-container\">\n\t\t\t\t\t\t\t\t\t\t\t\t\t<img loading=\"lazy\" decoding=\"async\" width=\"720\" height=\"644\" src=\"https:\/\/www.mimaforklift.com\/wp-content\/uploads\/2025\/03\/MCC12-\u4e3b\u56fe.jpg\" class=\"attachment-large size-large wp-image-8810\" alt=\"MCC12 Camioncino con torretta uomo a bordo\" srcset=\"https:\/\/www.mimaforklift.com\/wp-content\/uploads\/2025\/03\/MCC12-\u4e3b\u56fe.jpg 720w, https:\/\/www.mimaforklift.com\/wp-content\/uploads\/2025\/03\/MCC12-\u4e3b\u56fe-300x268.jpg 300w, https:\/\/www.mimaforklift.com\/wp-content\/uploads\/2025\/03\/MCC12-\u4e3b\u56fe-13x12.jpg 13w, https:\/\/www.mimaforklift.com\/wp-content\/uploads\/2025\/03\/MCC12-\u4e3b\u56fe-600x537.jpg 600w\" sizes=\"(max-width: 720px) 100vw, 720px\" \/>\t\t\t\t\t\t\t\t\t\t\t\t\t<\/div>\n\t\t\t\t<\/div>\n\t\t\t\t\t<\/div>\n\t\t<\/div>\n\t\t\t\t\t<\/div>\n\t\t<\/section>\n\t\t\t\t\t<\/div>\n\t\t<\/div>\n\t\t\t\t\t<\/div>\n\t\t<\/section>\n\t\t\t\t<section class=\"elementor-section elementor-top-section elementor-element elementor-element-033eaff elementor-section-boxed elementor-section-height-default elementor-section-height-default\" data-id=\"033eaff\" data-element_type=\"section\">\n\t\t\t\t\t\t<div class=\"elementor-container elementor-column-gap-default\">\n\t\t\t\t\t<div class=\"elementor-column elementor-col-100 elementor-top-column elementor-element elementor-element-f1a2d93\" data-id=\"f1a2d93\" data-element_type=\"column\">\n\t\t\t<div class=\"elementor-widget-wrap elementor-element-populated\">\n\t\t\t\t\t\t<section class=\"elementor-section elementor-inner-section elementor-element elementor-element-0d9589f elementor-section-boxed elementor-section-height-default elementor-section-height-default\" data-id=\"0d9589f\" data-element_type=\"section\">\n\t\t\t\t\t\t<div class=\"elementor-container elementor-column-gap-default\">\n\t\t\t\t\t<div class=\"elementor-column elementor-col-50 elementor-inner-column elementor-element elementor-element-49b9816\" data-id=\"49b9816\" data-element_type=\"column\">\n\t\t\t<div class=\"elementor-widget-wrap\">\n\t\t\t\t\t\t\t<\/div>\n\t\t<\/div>\n\t\t\t\t<div class=\"elementor-column elementor-col-50 elementor-inner-column elementor-element elementor-element-e9bf1cd\" data-id=\"e9bf1cd\" data-element_type=\"column\">\n\t\t\t<div class=\"elementor-widget-wrap elementor-element-populated\">\n\t\t\t\t\t\t<div class=\"elementor-element elementor-element-cac9b1d elementor-widget elementor-widget-text-editor\" data-id=\"cac9b1d\" data-element_type=\"widget\" data-widget_type=\"text-editor.default\">\n\t\t\t\t<div class=\"elementor-widget-container\">\n\t\t\t\t\t\t\t<div><div><a href=\"https:\/\/www.mimaforklift.com\/it\/reach-truck\/mfe14\/\"><strong>Serie MFE<\/strong>: Carrello retrattile a forbice singolo\/doppio<\/a><\/div><\/div>\t\t\t\t\t\t<\/div>\n\t\t\t\t<\/div>\n\t\t\t\t<div class=\"elementor-element elementor-element-a4a4068 elementor-widget elementor-widget-image\" data-id=\"a4a4068\" data-element_type=\"widget\" data-widget_type=\"image.default\">\n\t\t\t\t<div class=\"elementor-widget-container\">\n\t\t\t\t\t\t\t\t\t\t\t\t\t<img loading=\"lazy\" decoding=\"async\" width=\"720\" height=\"450\" src=\"https:\/\/www.mimaforklift.com\/wp-content\/uploads\/2024\/07\/MFE14-9.jpg\" class=\"attachment-large size-large wp-image-4502\" alt=\"Carrello retrattile a forbice a doppia profondit\u00e0\" srcset=\"https:\/\/www.mimaforklift.com\/wp-content\/uploads\/2024\/07\/MFE14-9.jpg 720w, https:\/\/www.mimaforklift.com\/wp-content\/uploads\/2024\/07\/MFE14-9-300x188.jpg 300w, https:\/\/www.mimaforklift.com\/wp-content\/uploads\/2024\/07\/MFE14-9-600x375.jpg 600w\" sizes=\"(max-width: 720px) 100vw, 720px\" \/>\t\t\t\t\t\t\t\t\t\t\t\t\t<\/div>\n\t\t\t\t<\/div>\n\t\t\t\t\t<\/div>\n\t\t<\/div>\n\t\t\t\t\t<\/div>\n\t\t<\/section>\n\t\t\t\t\t<\/div>\n\t\t<\/div>\n\t\t\t\t\t<\/div>\n\t\t<\/section>\n\t\t\t\t<section class=\"elementor-section elementor-top-section elementor-element elementor-element-a75d470 elementor-section-boxed elementor-section-height-default elementor-section-height-default\" data-id=\"a75d470\" data-element_type=\"section\">\n\t\t\t\t\t\t<div class=\"elementor-container elementor-column-gap-default\">\n\t\t\t\t\t<div class=\"elementor-column elementor-col-100 elementor-top-column elementor-element elementor-element-20b70c0\" data-id=\"20b70c0\" data-element_type=\"column\">\n\t\t\t<div class=\"elementor-widget-wrap elementor-element-populated\">\n\t\t\t\t\t\t<div class=\"elementor-element elementor-element-9b97996 elementor-widget elementor-widget-text-editor\" data-id=\"9b97996\" data-element_type=\"widget\" data-widget_type=\"text-editor.default\">\n\t\t\t\t<div class=\"elementor-widget-container\">\n\t\t\t\t\t\t\t<div><div><p class=\"otl-paragraph\">Sia che cerchiate un carrello elevatore versatile per movimentare carichi pesanti o un modello compatto per gli spazi ristretti, <strong>Soluzioni per attrezzature Elvaan<\/strong> ha i carrelli elevatori giusti per voi. Il loro team di esperti sar\u00e0 a disposizione per fornire informazioni dettagliate sulle caratteristiche e i vantaggi di ogni modello, offrendo soluzioni affidabili per ogni esigenza aziendale.<\/p><p class=\"otl-paragraph\">Visitate Elvaan Equipment Solutions allo stand C3, padiglione C, durante l'Alberta Equipment Expo 2025. Il loro team di professionisti sar\u00e0 lieto di incontrarvi!<\/p><p class=\"otl-paragraph\">Fare clic qui per registrarsi: <a href=\"https:\/\/secure.mpltd.ca\/AEE\/\">https:\/\/secure.mpltd.ca\/AEE\/<\/a><\/p><\/div><\/div>\t\t\t\t\t\t<\/div>\n\t\t\t\t<\/div>\n\t\t\t\t\t<\/div>\n\t\t<\/div>\n\t\t\t\t\t<\/div>\n\t\t<\/section>\n\t\t\t\t<\/div>","protected":false},"excerpt":{"rendered":"<p>Siamo lieti di annunciare che Elvaan Equipment Solutions, distributore esclusivo di MiMA Forklift in Canada, parteciper\u00e0 alla prossima Alberta Equipment Expo dal 24 al 25 aprile 2025. Se lavorate nel settore della movimentazione dei materiali, questo \u00e8 un evento da non perdere! Elvaan Equipment Solutions presenter\u00e0 le sue soluzioni complete, [...]<\/p>","protected":false},"author":5,"featured_media":9002,"comment_status":"open","ping_status":"open","sticky":false,"template":"","format":"standard","meta":{"_acf_changed":false,"_seopress_robots_primary_cat":"none","_seopress_titles_title":"","_seopress_titles_desc":"","_seopress_robots_index":"","footnotes":""},"categories":[74],"tags":[],"class_list":["post-8999","post","type-post","status-publish","format-standard","has-post-thumbnail","hentry","category-case-study"],"acf":[],"_links":{"self":[{"href":"https:\/\/www.mimaforklift.com\/it\/wp-json\/wp\/v2\/posts\/8999","targetHints":{"allow":["GET"]}}],"collection":[{"href":"https:\/\/www.mimaforklift.com\/it\/wp-json\/wp\/v2\/posts"}],"about":[{"href":"https:\/\/www.mimaforklift.com\/it\/wp-json\/wp\/v2\/types\/post"}],"author":[{"embeddable":true,"href":"https:\/\/www.mimaforklift.com\/it\/wp-json\/wp\/v2\/users\/5"}],"replies":[{"embeddable":true,"href":"https:\/\/www.mimaforklift.com\/it\/wp-json\/wp\/v2\/comments?post=8999"}],"version-history":[{"count":0,"href":"https:\/\/www.mimaforklift.com\/it\/wp-json\/wp\/v2\/posts\/8999\/revisions"}],"wp:featuredmedia":[{"embeddable":true,"href":"https:\/\/www.mimaforklift.com\/it\/wp-json\/wp\/v2\/media\/9002"}],"wp:attachment":[{"href":"https:\/\/www.mimaforklift.com\/it\/wp-json\/wp\/v2\/media?parent=8999"}],"wp:term":[{"taxonomy":"category","embeddable":true,"href":"https:\/\/www.mimaforklift.com\/it\/wp-json\/wp\/v2\/categories?post=8999"},{"taxonomy":"post_tag","embeddable":true,"href":"https:\/\/www.mimaforklift.com\/it\/wp-json\/wp\/v2\/tags?post=8999"}],"curies":[{"name":"wp","href":"https:\/\/api.w.org\/{rel}","templated":true}]}}