{"id":8935,"date":"2025-04-11T03:10:57","date_gmt":"2025-04-11T03:10:57","guid":{"rendered":"https:\/\/www.mimaforklift.com\/?p=8935"},"modified":"2025-04-11T03:53:06","modified_gmt":"2025-04-11T03:53:06","slug":"mima-forklift-revolutionizing-material-handling-solutions-at-sitl-2025-and-summit-expo-2025","status":"publish","type":"post","link":"https:\/\/www.mimaforklift.com\/fr\/mima-forklifts-at-sitl-2025-and-summit-expo-2025\/","title":{"rendered":"MiMA Forklift : R\u00e9volutionner les solutions de manutention au SiTL 2025 et au SUMMIT &amp; EXPO 2025"},"content":{"rendered":"<div data-elementor-type=\"wp-post\" data-elementor-id=\"8935\" class=\"elementor elementor-8935\" data-elementor-post-type=\"post\">\n\t\t\t\t\t\t<section class=\"elementor-section elementor-top-section elementor-element elementor-element-a36629d elementor-section-boxed elementor-section-height-default elementor-section-height-default\" data-id=\"a36629d\" data-element_type=\"section\">\n\t\t\t\t\t\t<div class=\"elementor-container elementor-column-gap-default\">\n\t\t\t\t\t<div class=\"elementor-column elementor-col-100 elementor-top-column elementor-element elementor-element-0a569d3\" data-id=\"0a569d3\" data-element_type=\"column\">\n\t\t\t<div class=\"elementor-widget-wrap elementor-element-populated\">\n\t\t\t\t\t\t<div class=\"elementor-element elementor-element-3ee9ffc elementor-widget elementor-widget-text-editor\" data-id=\"3ee9ffc\" data-element_type=\"widget\" data-widget_type=\"text-editor.default\">\n\t\t\t\t<div class=\"elementor-widget-container\">\n\t\t\t\t\t\t\t<div><div><p class=\"otl-paragraph\"><span class=\"color_font\">Dans le monde dynamique de la manutention, MiMA Forklift se distingue comme un pr\u00e9curseur, offrant des solutions innovantes et personnalis\u00e9es qui r\u00e9pondent aux besoins d'un large \u00e9ventail d'industries. Notre engagement en faveur de l'excellence et de la technologie de pointe nous a permis de nous positionner en tant qu'expert de premier plan dans les domaines suivants <strong>stockage de longue dur\u00e9e des mat\u00e9riaux<\/strong> et <strong>All\u00e9e tr\u00e8s \u00e9troite (VNA)<\/strong> des op\u00e9rations. <\/span><\/p><p class=\"otl-paragraph\"><span class=\"color_font\">En avril dernier, MiMA Forklift a pr\u00e9sent\u00e9 ses produits et services r\u00e9volutionnaires lors de deux expositions internationales majeures : SiTL 2025 \u00e0 Paris et SUMMIT &amp; EXPO 2025 \u00e0 Mexico.<\/span><\/p><\/div><\/div>\t\t\t\t\t\t<\/div>\n\t\t\t\t<\/div>\n\t\t\t\t\t<\/div>\n\t\t<\/div>\n\t\t\t\t\t<\/div>\n\t\t<\/section>\n\t\t\t\t<section class=\"elementor-section elementor-top-section elementor-element elementor-element-9d169c1 elementor-section-boxed elementor-section-height-default elementor-section-height-default\" data-id=\"9d169c1\" data-element_type=\"section\">\n\t\t\t\t\t\t<div class=\"elementor-container elementor-column-gap-default\">\n\t\t\t\t\t<div class=\"elementor-column elementor-col-100 elementor-top-column elementor-element elementor-element-e2e58bf\" data-id=\"e2e58bf\" data-element_type=\"column\">\n\t\t\t<div class=\"elementor-widget-wrap elementor-element-populated\">\n\t\t\t\t\t\t<div class=\"elementor-element elementor-element-7b7e214 elementor-widget elementor-widget-image\" data-id=\"7b7e214\" data-element_type=\"widget\" data-widget_type=\"image.default\">\n\t\t\t\t<div class=\"elementor-widget-container\">\n\t\t\t\t\t\t\t\t\t\t\t\t\t<img fetchpriority=\"high\" decoding=\"async\" width=\"800\" height=\"600\" src=\"https:\/\/www.mimaforklift.com\/wp-content\/uploads\/2025\/04\/France-SILT-livepic-4-1024x768.jpg\" class=\"attachment-large size-large wp-image-8941\" alt=\"\" srcset=\"https:\/\/www.mimaforklift.com\/wp-content\/uploads\/2025\/04\/France-SILT-livepic-4-1024x768.jpg 1024w, https:\/\/www.mimaforklift.com\/wp-content\/uploads\/2025\/04\/France-SILT-livepic-4-300x225.jpg 300w, https:\/\/www.mimaforklift.com\/wp-content\/uploads\/2025\/04\/France-SILT-livepic-4-768x576.jpg 768w, https:\/\/www.mimaforklift.com\/wp-content\/uploads\/2025\/04\/France-SILT-livepic-4-1536x1152.jpg 1536w, https:\/\/www.mimaforklift.com\/wp-content\/uploads\/2025\/04\/France-SILT-livepic-4-2048x1536.jpg 2048w, https:\/\/www.mimaforklift.com\/wp-content\/uploads\/2025\/04\/France-SILT-livepic-4-16x12.jpg 16w, https:\/\/www.mimaforklift.com\/wp-content\/uploads\/2025\/04\/France-SILT-livepic-4-600x450.jpg 600w\" sizes=\"(max-width: 800px) 100vw, 800px\" \/>\t\t\t\t\t\t\t\t\t\t\t\t\t<\/div>\n\t\t\t\t<\/div>\n\t\t\t\t\t<\/div>\n\t\t<\/div>\n\t\t\t\t\t<\/div>\n\t\t<\/section>\n\t\t\t\t<section class=\"elementor-section elementor-top-section elementor-element elementor-element-c45794c elementor-section-boxed elementor-section-height-default elementor-section-height-default\" data-id=\"c45794c\" data-element_type=\"section\">\n\t\t\t\t\t\t<div class=\"elementor-container elementor-column-gap-default\">\n\t\t\t\t\t<div class=\"elementor-column elementor-col-100 elementor-top-column elementor-element elementor-element-bb20968\" data-id=\"bb20968\" data-element_type=\"column\">\n\t\t\t<div class=\"elementor-widget-wrap elementor-element-populated\">\n\t\t\t\t\t\t<div class=\"elementor-element elementor-element-eb049d7 elementor-widget elementor-widget-text-editor\" data-id=\"eb049d7\" data-element_type=\"widget\" data-widget_type=\"text-editor.default\">\n\t\t\t\t<div class=\"elementor-widget-container\">\n\t\t\t\t\t\t\t<div><div><h3 class=\"otl-paragraph\"><span class=\"color_font\"><strong>SiTL 2025 : Une vitrine de l'innovation \u00e0 Paris<\/strong><\/span><\/h3><p class=\"otl-paragraph\"><span class=\"color_font\"><strong>Paris, France<\/strong> &#8211; <\/span><span class=\"color_font\">Du 1er au 3 avril, MiMA Forklift a eu un impact significatif au SiTL 2025, qui s'est tenu dans le prestigieux pavillon de Paris - Porte de Versailles. 1. Notre stand, M022, pr\u00e9sentait un design simple et moderne, attirant un flux constant de visiteurs d\u00e9sireux d'en savoir plus sur les derni\u00e8res avanc\u00e9es de MiMA.<\/span><\/p><p class=\"otl-paragraph\"><span class=\"color_font\">Au c\u0153ur de notre exposition se trouvaient nos produits phares : le <a href=\"https:\/\/www.mimaforklift.com\/fr\/narrow-aisle-forklift\/\">Chariots \u00e9l\u00e9vateurs VNA<\/a>, y compris les <a href=\"https:\/\/www.mimaforklift.com\/fr\/narrow-aisle-forklift\/3-way-pallet-stacker-mcc12\/\">Camion \u00e0 tourelle Man-up<\/a>, <a href=\"https:\/\/www.mimaforklift.com\/fr\/narrow-aisle-forklift\/3-way-pallet-stacker-mca16\/\">Empileur de palettes \u00e0 3 voies<\/a> et <a href=\"https:\/\/www.mimaforklift.com\/fr\/articulated-forklift\/\">Chariots \u00e9l\u00e9vateurs articul\u00e9s<\/a>. Ces machines sont con\u00e7ues pour circuler dans les all\u00e9es les plus \u00e9troites, la largeur de l'all\u00e9e la plus \u00e9troite pouvant \u00eatre de 1,5 m\u00e8tre seulement. Nos solutions de levage personnalisables peuvent atteindre une hauteur de 17,5 m\u00e8tres, ce qui les rend id\u00e9ales pour une vari\u00e9t\u00e9 d'applications dans les secteurs de la logistique, des produits pharmaceutiques, des entrep\u00f4ts frigorifiques, de l'\u00e9lectronique, de l'\u00e9lectricit\u00e9, de l'alimentation et de l'industrie manufacturi\u00e8re.<\/span><\/p><p class=\"otl-paragraph\"><span class=\"color_font\">Notre <a href=\"https:\/\/www.mimaforklift.com\/fr\/multidirectional-forklift\/\">solutions de longue dur\u00e9e pour la manutention des mat\u00e9riaux<\/a> ont \u00e9galement attir\u00e9 beaucoup de monde : comme <a href=\"https:\/\/www.mimaforklift.com\/fr\/multidirectional-forklift\/mqc25-mqc30\/\">Chariots \u00e9l\u00e9vateurs multidirectionnels<\/a> et <a href=\"https:\/\/www.mimaforklift.com\/fr\/multidirectional-forklift\/mqk30\/\">Chariots \u00e9l\u00e9vateurs multidirectionnels \u00e0 contrepoids<\/a>. Il peut manipuler des mat\u00e9riaux d'une longueur maximale de 20 m\u00e8tres, des tonnages multiples allant de 1,5 tonne \u00e0 5 tonnes et des hauteurs de levage \u00e9lev\u00e9es de 8 \u00e0 10,5 m\u00e8tres. La flexibilit\u00e9 de nos chariots \u00e9l\u00e9vateurs, avec de multiples modes de conduite tels que la marche en ligne droite, la marche lat\u00e9rale, la marche en diagonale, les virages \u00e0 angle droit et la rotation sur place, a encore renforc\u00e9 leur attrait pour les participants.<\/span><\/p><\/div><\/div>\t\t\t\t\t\t<\/div>\n\t\t\t\t<\/div>\n\t\t\t\t\t<\/div>\n\t\t<\/div>\n\t\t\t\t\t<\/div>\n\t\t<\/section>\n\t\t\t\t<section class=\"elementor-section elementor-top-section elementor-element elementor-element-98e3ef2 elementor-section-boxed elementor-section-height-default elementor-section-height-default\" data-id=\"98e3ef2\" data-element_type=\"section\">\n\t\t\t\t\t\t<div class=\"elementor-container elementor-column-gap-default\">\n\t\t\t\t\t<div class=\"elementor-column elementor-col-100 elementor-top-column elementor-element elementor-element-30fbe4c\" data-id=\"30fbe4c\" data-element_type=\"column\">\n\t\t\t<div class=\"elementor-widget-wrap elementor-element-populated\">\n\t\t\t\t\t\t<div class=\"elementor-element elementor-element-e3fb20f elementor-widget elementor-widget-image\" data-id=\"e3fb20f\" data-element_type=\"widget\" data-widget_type=\"image.default\">\n\t\t\t\t<div class=\"elementor-widget-container\">\n\t\t\t\t\t\t\t\t\t\t\t\t\t<img decoding=\"async\" width=\"800\" height=\"450\" src=\"https:\/\/www.mimaforklift.com\/wp-content\/uploads\/2025\/04\/France-SILT-livepic-9-1-scaled-e1744343576437-1024x576.jpg\" class=\"attachment-large size-large wp-image-8937\" alt=\"\" srcset=\"https:\/\/www.mimaforklift.com\/wp-content\/uploads\/2025\/04\/France-SILT-livepic-9-1-scaled-e1744343576437-1024x576.jpg 1024w, https:\/\/www.mimaforklift.com\/wp-content\/uploads\/2025\/04\/France-SILT-livepic-9-1-scaled-e1744343576437-300x169.jpg 300w, https:\/\/www.mimaforklift.com\/wp-content\/uploads\/2025\/04\/France-SILT-livepic-9-1-scaled-e1744343576437-768x432.jpg 768w, https:\/\/www.mimaforklift.com\/wp-content\/uploads\/2025\/04\/France-SILT-livepic-9-1-scaled-e1744343576437-1536x864.jpg 1536w, https:\/\/www.mimaforklift.com\/wp-content\/uploads\/2025\/04\/France-SILT-livepic-9-1-scaled-e1744343576437-18x10.jpg 18w, https:\/\/www.mimaforklift.com\/wp-content\/uploads\/2025\/04\/France-SILT-livepic-9-1-scaled-e1744343576437-600x338.jpg 600w, https:\/\/www.mimaforklift.com\/wp-content\/uploads\/2025\/04\/France-SILT-livepic-9-1-scaled-e1744343576437.jpg 1920w\" sizes=\"(max-width: 800px) 100vw, 800px\" \/>\t\t\t\t\t\t\t\t\t\t\t\t\t<\/div>\n\t\t\t\t<\/div>\n\t\t\t\t\t<\/div>\n\t\t<\/div>\n\t\t\t\t\t<\/div>\n\t\t<\/section>\n\t\t\t\t<section class=\"elementor-section elementor-top-section elementor-element elementor-element-7058f84 elementor-section-boxed elementor-section-height-default elementor-section-height-default\" data-id=\"7058f84\" data-element_type=\"section\">\n\t\t\t\t\t\t<div class=\"elementor-container elementor-column-gap-default\">\n\t\t\t\t\t<div class=\"elementor-column elementor-col-100 elementor-top-column elementor-element elementor-element-b46fbb2\" data-id=\"b46fbb2\" data-element_type=\"column\">\n\t\t\t<div class=\"elementor-widget-wrap elementor-element-populated\">\n\t\t\t\t\t\t<div class=\"elementor-element elementor-element-d1ca1ef elementor-widget elementor-widget-text-editor\" data-id=\"d1ca1ef\" data-element_type=\"widget\" data-widget_type=\"text-editor.default\">\n\t\t\t\t<div class=\"elementor-widget-container\">\n\t\t\t\t\t\t\t<div><div><p class=\"otl-paragraph\"><span class=\"color_font\"><strong>SOMMET &amp; EXPO 2025 : Une pr\u00e9sence dynamique \u00e0 Mexico<\/strong><\/span><\/p><p class=\"otl-paragraph\"><span class=\"color_font\"><strong>Mexique<\/strong> &#8211; <\/span><span class=\"color_font\">L'excitation s'est poursuivie au SUMMIT &amp; EXPO 2025 \u00e0 Mexico, o\u00f9 MiMA Forklift a eu l'honneur d'exposer au Centro Citibanamex du 2 au 3 avril. Notre stand, le 5234, a \u00e9galement attir\u00e9 un public vari\u00e9 de professionnels de l'industrie.<\/span><\/p><p class=\"otl-paragraph\"><span class=\"color_font\">Les visiteurs \u00e9taient particuli\u00e8rement int\u00e9ress\u00e9s par nos chariots \u00e9l\u00e9vateurs VNA et nos solutions de manutention longue, qui sont con\u00e7us pour r\u00e9pondre aux besoins uniques de diverses industries, notamment les profil\u00e9s en aluminium, les tubes, les t\u00f4les, les textiles, les structures m\u00e9talliques en acier et les murs-rideaux en verre. Nos \u00e9quipes commerciales et techniques \u00e9taient pr\u00e9sentes pour fournir des informations d\u00e9taill\u00e9es et r\u00e9pondre aux questions, ce qui a permis de nouer des relations fructueuses avec des clients potentiels.<\/span><\/p><\/div><\/div>\t\t\t\t\t\t<\/div>\n\t\t\t\t<\/div>\n\t\t\t\t\t<\/div>\n\t\t<\/div>\n\t\t\t\t\t<\/div>\n\t\t<\/section>\n\t\t\t\t<section class=\"elementor-section elementor-top-section elementor-element elementor-element-a9ddb45 elementor-section-boxed elementor-section-height-default elementor-section-height-default\" data-id=\"a9ddb45\" data-element_type=\"section\">\n\t\t\t\t\t\t<div class=\"elementor-container elementor-column-gap-default\">\n\t\t\t\t\t<div class=\"elementor-column elementor-col-100 elementor-top-column elementor-element elementor-element-ca0a336\" data-id=\"ca0a336\" data-element_type=\"column\">\n\t\t\t<div class=\"elementor-widget-wrap elementor-element-populated\">\n\t\t\t\t\t\t<div class=\"elementor-element elementor-element-33254ec elementor-widget elementor-widget-image\" data-id=\"33254ec\" data-element_type=\"widget\" data-widget_type=\"image.default\">\n\t\t\t\t<div class=\"elementor-widget-container\">\n\t\t\t\t\t\t\t\t\t\t\t\t\t<img decoding=\"async\" width=\"800\" height=\"600\" src=\"https:\/\/www.mimaforklift.com\/wp-content\/uploads\/2025\/04\/Mexico-SUMMIT-livepic-1-1024x768.jpg\" class=\"attachment-large size-large wp-image-8960\" alt=\"\" srcset=\"https:\/\/www.mimaforklift.com\/wp-content\/uploads\/2025\/04\/Mexico-SUMMIT-livepic-1-1024x768.jpg 1024w, https:\/\/www.mimaforklift.com\/wp-content\/uploads\/2025\/04\/Mexico-SUMMIT-livepic-1-300x225.jpg 300w, https:\/\/www.mimaforklift.com\/wp-content\/uploads\/2025\/04\/Mexico-SUMMIT-livepic-1-768x576.jpg 768w, https:\/\/www.mimaforklift.com\/wp-content\/uploads\/2025\/04\/Mexico-SUMMIT-livepic-1-1536x1152.jpg 1536w, https:\/\/www.mimaforklift.com\/wp-content\/uploads\/2025\/04\/Mexico-SUMMIT-livepic-1-2048x1536.jpg 2048w, https:\/\/www.mimaforklift.com\/wp-content\/uploads\/2025\/04\/Mexico-SUMMIT-livepic-1-16x12.jpg 16w, https:\/\/www.mimaforklift.com\/wp-content\/uploads\/2025\/04\/Mexico-SUMMIT-livepic-1-600x450.jpg 600w\" sizes=\"(max-width: 800px) 100vw, 800px\" \/>\t\t\t\t\t\t\t\t\t\t\t\t\t<\/div>\n\t\t\t\t<\/div>\n\t\t\t\t\t<\/div>\n\t\t<\/div>\n\t\t\t\t\t<\/div>\n\t\t<\/section>\n\t\t\t\t<section class=\"elementor-section elementor-top-section elementor-element elementor-element-49cc706 elementor-section-boxed elementor-section-height-default elementor-section-height-default\" data-id=\"49cc706\" data-element_type=\"section\">\n\t\t\t\t\t\t<div class=\"elementor-container elementor-column-gap-default\">\n\t\t\t\t\t<div class=\"elementor-column elementor-col-100 elementor-top-column elementor-element elementor-element-9cff035\" data-id=\"9cff035\" data-element_type=\"column\">\n\t\t\t<div class=\"elementor-widget-wrap elementor-element-populated\">\n\t\t\t\t\t\t<div class=\"elementor-element elementor-element-a2aedb1 elementor-widget elementor-widget-text-editor\" data-id=\"a2aedb1\" data-element_type=\"widget\" data-widget_type=\"text-editor.default\">\n\t\t\t\t<div class=\"elementor-widget-container\">\n\t\t\t\t\t\t\t<div><div><p class=\"otl-paragraph\"><span class=\"color_font\">Chez MiMA Forklift, nous nous engageons \u00e0 fournir des produits et des services de la plus haute qualit\u00e9. Notre participation \u00e0 SiTL 2025 et \u00e0 SUMMIT &amp; EXPO 2025 t\u00e9moigne de notre engagement \u00e0 rester \u00e0 la pointe de la technologie en mati\u00e8re de manutention. Nous sommes reconnaissants d'avoir eu l'occasion de rencontrer des leaders de l'industrie et des clients potentiels, et nous nous r\u00e9jouissons de continuer \u00e0 repousser les limites de ce qui est possible en mati\u00e8re de solutions de manutention.<\/span><\/p><p class=\"otl-paragraph\"><span class=\"color_font\">Rejoignez-nous sur ce chemin de l'innovation et de l'excellence. Pour plus d'informations sur MiMA Forklift et nos solutions, visitez notre site web et suivez-nous sur les m\u00e9dias sociaux. Ensemble, nous pouvons transformer la fa\u00e7on dont les mat\u00e9riaux sont manipul\u00e9s et stock\u00e9s.<\/span><\/p><\/div><\/div>\t\t\t\t\t\t<\/div>\n\t\t\t\t<\/div>\n\t\t\t\t\t<\/div>\n\t\t<\/div>\n\t\t\t\t\t<\/div>\n\t\t<\/section>\n\t\t\t\t<\/div>","protected":false},"excerpt":{"rendered":"<p>Dans le monde dynamique de la manutention, MiMA Forklift se distingue comme un pr\u00e9curseur, offrant des solutions innovantes et personnalis\u00e9es qui r\u00e9pondent aux besoins d'un large \u00e9ventail d'industries. Notre engagement en faveur de l'excellence et de la technologie avanc\u00e9e nous a permis de nous positionner en tant qu'expert de premier plan dans le domaine du stockage de mat\u00e9riaux longs et des op\u00e9rations en all\u00e9es tr\u00e8s \u00e9troites (VNA). En avril, MiMA Forklift [...]<\/p>","protected":false},"author":5,"featured_media":8937,"comment_status":"open","ping_status":"open","sticky":false,"template":"","format":"standard","meta":{"_acf_changed":false,"_seopress_robots_primary_cat":"none","_seopress_titles_title":"","_seopress_titles_desc":"In the dynamic world of material handling, MiMA Forklift stands out as a trailblazer, offering innovative and customized solutions that cater to a wide range of industries. Our commitment to excellence and advanced technology has positioned us as a leading expert in long material storage and Very Narrow Aisle (VNA) operations. \r\nThis April, MiMA Forklift showcased its groundbreaking products and services at two major international exhibitions: SiTL 2025 in Paris and SUMMIT & EXPO 2025 in Mexico City.","_seopress_robots_index":"","footnotes":""},"categories":[75],"tags":[78,79],"class_list":["post-8935","post","type-post","status-publish","format-standard","has-post-thumbnail","hentry","category-trade-show","tag-articulated-forklift-forklift-front-driven-rear-driven-articulated-counterbalanced-forklift-swing-swing-angle-mima-forkliftpurchasing","tag-logimat-logimat-logimat-forklift-forklft-show-forklift-trade-show"],"acf":[],"_links":{"self":[{"href":"https:\/\/www.mimaforklift.com\/fr\/wp-json\/wp\/v2\/posts\/8935","targetHints":{"allow":["GET"]}}],"collection":[{"href":"https:\/\/www.mimaforklift.com\/fr\/wp-json\/wp\/v2\/posts"}],"about":[{"href":"https:\/\/www.mimaforklift.com\/fr\/wp-json\/wp\/v2\/types\/post"}],"author":[{"embeddable":true,"href":"https:\/\/www.mimaforklift.com\/fr\/wp-json\/wp\/v2\/users\/5"}],"replies":[{"embeddable":true,"href":"https:\/\/www.mimaforklift.com\/fr\/wp-json\/wp\/v2\/comments?post=8935"}],"version-history":[{"count":0,"href":"https:\/\/www.mimaforklift.com\/fr\/wp-json\/wp\/v2\/posts\/8935\/revisions"}],"wp:featuredmedia":[{"embeddable":true,"href":"https:\/\/www.mimaforklift.com\/fr\/wp-json\/wp\/v2\/media\/8937"}],"wp:attachment":[{"href":"https:\/\/www.mimaforklift.com\/fr\/wp-json\/wp\/v2\/media?parent=8935"}],"wp:term":[{"taxonomy":"category","embeddable":true,"href":"https:\/\/www.mimaforklift.com\/fr\/wp-json\/wp\/v2\/categories?post=8935"},{"taxonomy":"post_tag","embeddable":true,"href":"https:\/\/www.mimaforklift.com\/fr\/wp-json\/wp\/v2\/tags?post=8935"}],"curies":[{"name":"wp","href":"https:\/\/api.w.org\/{rel}","templated":true}]}}