{"id":8892,"date":"2025-03-29T08:25:03","date_gmt":"2025-03-29T08:25:03","guid":{"rendered":"https:\/\/www.mimaforklift.com\/?p=8892"},"modified":"2025-03-29T08:32:49","modified_gmt":"2025-03-29T08:32:49","slug":"mima-forklifts-impactful-presence-at-logimat-2025-2","status":"publish","type":"post","link":"https:\/\/www.mimaforklift.com\/fr\/mima-forklifts-impactful-presence-at-logimat-2025-2\/","title":{"rendered":"Pr\u00e9sence remarqu\u00e9e de MiMA Forklift \u00e0 LogiMAT 2025"},"content":{"rendered":"<div data-elementor-type=\"wp-post\" data-elementor-id=\"8892\" class=\"elementor elementor-8892\" data-elementor-post-type=\"post\">\n\t\t\t\t\t\t<section class=\"elementor-section elementor-top-section elementor-element elementor-element-a36629d elementor-section-boxed elementor-section-height-default elementor-section-height-default\" data-id=\"a36629d\" data-element_type=\"section\">\n\t\t\t\t\t\t<div class=\"elementor-container elementor-column-gap-default\">\n\t\t\t\t\t<div class=\"elementor-column elementor-col-100 elementor-top-column elementor-element elementor-element-0a569d3\" data-id=\"0a569d3\" data-element_type=\"column\">\n\t\t\t<div class=\"elementor-widget-wrap elementor-element-populated\">\n\t\t\t\t\t\t<div class=\"elementor-element elementor-element-3ee9ffc elementor-widget elementor-widget-text-editor\" data-id=\"3ee9ffc\" data-element_type=\"widget\" data-widget_type=\"text-editor.default\">\n\t\t\t\t<div class=\"elementor-widget-container\">\n\t\t\t\t\t\t\t<div><div><p class=\"otl-paragraph\"><strong>Stuttgart, 13 mars 2025<\/strong> - LogiMAT 2025 s'est achev\u00e9 et MiMA Forklift est fier d'avoir particip\u00e9 \u00e0 ce salon international de premier plan pour l'intralogistique et la gestion de la cha\u00eene d'approvisionnement. Du 11 au 13 mars, MiMA a pr\u00e9sent\u00e9 une gamme impressionnante de chariots \u00e9l\u00e9vateurs et de solutions AGV au stand Halle 9 \/ Stand 9F76 au parc des expositions de Stuttgart.<\/p><p class=\"otl-paragraph\">Les visiteurs ont eu l'occasion de d\u00e9couvrir les derni\u00e8res innovations du MiMA, notamment la nouvelle salle d'exposition. <a href=\"https:\/\/www.mimaforklift.com\/fr\/multidirectional-forklift\/mqk30\/\">Chariot \u00e9l\u00e9vateur multidirectionnel \u00e0 contrepoids MQK30<\/a>, le <a href=\"https:\/\/www.mimaforklift.com\/fr\/narrow-aisle-forklift\/man-up-turret-truck-mcc16u\/\">MCC16 man-up VNA truck<\/a>et le <a href=\"https:\/\/www.mimaforklift.com\/fr\/multidirectional-forklift\/mqc25-mqc30\/\">Mise \u00e0 jour du chariot \u00e9l\u00e9vateur multidirectionnel assis MQC30<\/a>. En outre, notre <a href=\"https:\/\/www.mimaforklift.com\/fr\/automated-guided-vehicles\/\">Solutions de carrosserie AGV<\/a> pour les transpalettes et les gerbeurs multidirectionnels a suscit\u00e9 un vif int\u00e9r\u00eat de la part des entreprises d\u00e9sireuses d'automatiser leurs op\u00e9rations d'entreposage.<\/p><\/div><\/div>\t\t\t\t\t\t<\/div>\n\t\t\t\t<\/div>\n\t\t\t\t\t<\/div>\n\t\t<\/div>\n\t\t\t\t\t<\/div>\n\t\t<\/section>\n\t\t\t\t<section class=\"elementor-section elementor-top-section elementor-element elementor-element-9d169c1 elementor-section-boxed elementor-section-height-default elementor-section-height-default\" data-id=\"9d169c1\" data-element_type=\"section\">\n\t\t\t\t\t\t<div class=\"elementor-container elementor-column-gap-default\">\n\t\t\t\t\t<div class=\"elementor-column elementor-col-100 elementor-top-column elementor-element elementor-element-e2e58bf\" data-id=\"e2e58bf\" data-element_type=\"column\">\n\t\t\t<div class=\"elementor-widget-wrap elementor-element-populated\">\n\t\t\t\t\t\t<div class=\"elementor-element elementor-element-7b7e214 elementor-widget elementor-widget-image\" data-id=\"7b7e214\" data-element_type=\"widget\" data-widget_type=\"image.default\">\n\t\t\t\t<div class=\"elementor-widget-container\">\n\t\t\t\t\t\t\t\t\t\t\t\t\t<img fetchpriority=\"high\" decoding=\"async\" width=\"800\" height=\"450\" src=\"https:\/\/www.mimaforklift.com\/wp-content\/uploads\/2025\/03\/Promat-live-23-1024x576.jpg\" class=\"attachment-large size-large wp-image-8896\" alt=\"\" srcset=\"https:\/\/www.mimaforklift.com\/wp-content\/uploads\/2025\/03\/Promat-live-23-1024x576.jpg 1024w, https:\/\/www.mimaforklift.com\/wp-content\/uploads\/2025\/03\/Promat-live-23-300x169.jpg 300w, https:\/\/www.mimaforklift.com\/wp-content\/uploads\/2025\/03\/Promat-live-23-768x432.jpg 768w, https:\/\/www.mimaforklift.com\/wp-content\/uploads\/2025\/03\/Promat-live-23-1536x864.jpg 1536w, https:\/\/www.mimaforklift.com\/wp-content\/uploads\/2025\/03\/Promat-live-23-2048x1152.jpg 2048w, https:\/\/www.mimaforklift.com\/wp-content\/uploads\/2025\/03\/Promat-live-23-18x10.jpg 18w, https:\/\/www.mimaforklift.com\/wp-content\/uploads\/2025\/03\/Promat-live-23-600x338.jpg 600w\" sizes=\"(max-width: 800px) 100vw, 800px\" \/>\t\t\t\t\t\t\t\t\t\t\t\t\t<\/div>\n\t\t\t\t<\/div>\n\t\t\t\t\t<\/div>\n\t\t<\/div>\n\t\t\t\t\t<\/div>\n\t\t<\/section>\n\t\t\t\t<section class=\"elementor-section elementor-top-section elementor-element elementor-element-c45794c elementor-section-boxed elementor-section-height-default elementor-section-height-default\" data-id=\"c45794c\" data-element_type=\"section\">\n\t\t\t\t\t\t<div class=\"elementor-container elementor-column-gap-default\">\n\t\t\t\t\t<div class=\"elementor-column elementor-col-100 elementor-top-column elementor-element elementor-element-bb20968\" data-id=\"bb20968\" data-element_type=\"column\">\n\t\t\t<div class=\"elementor-widget-wrap elementor-element-populated\">\n\t\t\t\t\t\t<div class=\"elementor-element elementor-element-eb049d7 elementor-widget elementor-widget-text-editor\" data-id=\"eb049d7\" data-element_type=\"widget\" data-widget_type=\"text-editor.default\">\n\t\t\t\t<div class=\"elementor-widget-container\">\n\t\t\t\t\t\t\t<div><div><p class=\"otl-paragraph\">L'\u00e9v\u00e9nement a \u00e9t\u00e9 une occasion fantastique pour MiMA d'entrer en contact avec des leaders de l'industrie, des professionnels de la logistique et des partenaires potentiels. Notre \u00e9quipe \u00e9tait ravie de montrer comment les chariots \u00e9l\u00e9vateurs MiMA sont con\u00e7us pour maximiser l'efficacit\u00e9, s'adapter aux divers besoins des entrep\u00f4ts et repousser les limites de l'innovation dans le domaine de la manutention.<\/p><p class=\"otl-paragraph\">Un grand merci \u00e0 tous ceux qui ont visit\u00e9 notre stand, discut\u00e9 et explor\u00e9 les possibilit\u00e9s offertes par MiMA. Nous appr\u00e9cions votre soutien et votre enthousiasme et nous nous r\u00e9jouissons \u00e0 l'id\u00e9e de conduire ensemble l'avenir de la logistique.<\/p><\/div><\/div>\t\t\t\t\t\t<\/div>\n\t\t\t\t<\/div>\n\t\t\t\t\t<\/div>\n\t\t<\/div>\n\t\t\t\t\t<\/div>\n\t\t<\/section>\n\t\t\t\t<section class=\"elementor-section elementor-top-section elementor-element elementor-element-98e3ef2 elementor-section-boxed elementor-section-height-default elementor-section-height-default\" data-id=\"98e3ef2\" data-element_type=\"section\">\n\t\t\t\t\t\t<div class=\"elementor-container elementor-column-gap-default\">\n\t\t\t\t\t<div class=\"elementor-column elementor-col-100 elementor-top-column elementor-element elementor-element-30fbe4c\" data-id=\"30fbe4c\" data-element_type=\"column\">\n\t\t\t<div class=\"elementor-widget-wrap elementor-element-populated\">\n\t\t\t\t\t\t<div class=\"elementor-element elementor-element-e3fb20f elementor-widget elementor-widget-image\" data-id=\"e3fb20f\" data-element_type=\"widget\" data-widget_type=\"image.default\">\n\t\t\t\t<div class=\"elementor-widget-container\">\n\t\t\t\t\t\t\t\t\t\t\t\t\t<img decoding=\"async\" width=\"800\" height=\"450\" src=\"https:\/\/www.mimaforklift.com\/wp-content\/uploads\/2025\/03\/Promat-live-19-1024x576.jpg\" class=\"attachment-large size-large wp-image-8898\" alt=\"\" srcset=\"https:\/\/www.mimaforklift.com\/wp-content\/uploads\/2025\/03\/Promat-live-19-1024x576.jpg 1024w, https:\/\/www.mimaforklift.com\/wp-content\/uploads\/2025\/03\/Promat-live-19-300x169.jpg 300w, https:\/\/www.mimaforklift.com\/wp-content\/uploads\/2025\/03\/Promat-live-19-768x432.jpg 768w, https:\/\/www.mimaforklift.com\/wp-content\/uploads\/2025\/03\/Promat-live-19-1536x864.jpg 1536w, https:\/\/www.mimaforklift.com\/wp-content\/uploads\/2025\/03\/Promat-live-19-2048x1152.jpg 2048w, https:\/\/www.mimaforklift.com\/wp-content\/uploads\/2025\/03\/Promat-live-19-18x10.jpg 18w, https:\/\/www.mimaforklift.com\/wp-content\/uploads\/2025\/03\/Promat-live-19-600x338.jpg 600w\" sizes=\"(max-width: 800px) 100vw, 800px\" \/>\t\t\t\t\t\t\t\t\t\t\t\t\t<\/div>\n\t\t\t\t<\/div>\n\t\t\t\t\t<\/div>\n\t\t<\/div>\n\t\t\t\t\t<\/div>\n\t\t<\/section>\n\t\t\t\t<section class=\"elementor-section elementor-top-section elementor-element elementor-element-7058f84 elementor-section-boxed elementor-section-height-default elementor-section-height-default\" data-id=\"7058f84\" data-element_type=\"section\">\n\t\t\t\t\t\t<div class=\"elementor-container elementor-column-gap-default\">\n\t\t\t\t\t<div class=\"elementor-column elementor-col-100 elementor-top-column elementor-element elementor-element-b46fbb2\" data-id=\"b46fbb2\" data-element_type=\"column\">\n\t\t\t<div class=\"elementor-widget-wrap elementor-element-populated\">\n\t\t\t\t\t\t<div class=\"elementor-element elementor-element-d1ca1ef elementor-widget elementor-widget-text-editor\" data-id=\"d1ca1ef\" data-element_type=\"widget\" data-widget_type=\"text-editor.default\">\n\t\t\t\t<div class=\"elementor-widget-container\">\n\t\t\t\t\t\t\t<div><div><p class=\"otl-paragraph\">Restez \u00e0 l'\u00e9coute pour d'autres mises \u00e0 jour de MiMA, car nous continuons \u00e0 innover et \u00e0 \u00eatre \u00e0 la pointe de l'industrie de la manutention !<\/p><p class=\"otl-paragraph\">La prochaine exposition du MiMA est la suivante : <strong>SiTL 2025<\/strong><\/p><p class=\"otl-paragraph\"><strong>Date<\/strong>\uff1a1er - 3 avril 2025<\/p><p class=\"otl-paragraph\"><strong>Localisation<\/strong>: Paris - Porte de Versailles - Pav. 1<\/p><p class=\"otl-paragraph\"><strong>Stand # : M022<\/strong><\/p><\/div><\/div>\t\t\t\t\t\t<\/div>\n\t\t\t\t<\/div>\n\t\t\t\t\t<\/div>\n\t\t<\/div>\n\t\t\t\t\t<\/div>\n\t\t<\/section>\n\t\t\t\t<section class=\"elementor-section elementor-top-section elementor-element elementor-element-a9ddb45 elementor-section-boxed elementor-section-height-default elementor-section-height-default\" data-id=\"a9ddb45\" data-element_type=\"section\">\n\t\t\t\t\t\t<div class=\"elementor-container elementor-column-gap-default\">\n\t\t\t\t\t<div class=\"elementor-column elementor-col-100 elementor-top-column elementor-element elementor-element-ca0a336\" data-id=\"ca0a336\" data-element_type=\"column\">\n\t\t\t<div class=\"elementor-widget-wrap elementor-element-populated\">\n\t\t\t\t\t\t<div class=\"elementor-element elementor-element-33254ec elementor-widget elementor-widget-image\" data-id=\"33254ec\" data-element_type=\"widget\" data-widget_type=\"image.default\">\n\t\t\t\t<div class=\"elementor-widget-container\">\n\t\t\t\t\t\t\t\t\t\t\t\t\t<img decoding=\"async\" width=\"800\" height=\"450\" src=\"https:\/\/www.mimaforklift.com\/wp-content\/uploads\/2025\/03\/25\u6cd5\u56fd-1024x576.jpg\" class=\"attachment-large size-large wp-image-8775\" alt=\"\" srcset=\"https:\/\/www.mimaforklift.com\/wp-content\/uploads\/2025\/03\/25\u6cd5\u56fd-1024x576.jpg 1024w, https:\/\/www.mimaforklift.com\/wp-content\/uploads\/2025\/03\/25\u6cd5\u56fd-300x169.jpg 300w, https:\/\/www.mimaforklift.com\/wp-content\/uploads\/2025\/03\/25\u6cd5\u56fd-768x432.jpg 768w, https:\/\/www.mimaforklift.com\/wp-content\/uploads\/2025\/03\/25\u6cd5\u56fd-1536x864.jpg 1536w, https:\/\/www.mimaforklift.com\/wp-content\/uploads\/2025\/03\/25\u6cd5\u56fd-18x10.jpg 18w, https:\/\/www.mimaforklift.com\/wp-content\/uploads\/2025\/03\/25\u6cd5\u56fd-600x338.jpg 600w, https:\/\/www.mimaforklift.com\/wp-content\/uploads\/2025\/03\/25\u6cd5\u56fd.jpg 1920w\" sizes=\"(max-width: 800px) 100vw, 800px\" \/>\t\t\t\t\t\t\t\t\t\t\t\t\t<\/div>\n\t\t\t\t<\/div>\n\t\t\t\t\t<\/div>\n\t\t<\/div>\n\t\t\t\t\t<\/div>\n\t\t<\/section>\n\t\t\t\t<\/div>","protected":false},"excerpt":{"rendered":"<p>Stuttgart, 13 mars 2025 - LogiMAT 2025 est arriv\u00e9 \u00e0 son terme, et MiMA Forklift est fier d'avoir particip\u00e9 \u00e0 ce salon international de premier plan pour l'intralogistique et la gestion de la cha\u00eene d'approvisionnement. Du 11 au 13 mars, MiMA a pr\u00e9sent\u00e9 une gamme impressionnante de chariots \u00e9l\u00e9vateurs et de solutions AGV au stand Halle 9 \/ Stand 9F76 au [...]<\/p>","protected":false},"author":5,"featured_media":8899,"comment_status":"open","ping_status":"open","sticky":false,"template":"","format":"standard","meta":{"_acf_changed":false,"_seopress_robots_primary_cat":"none","_seopress_titles_title":"","_seopress_titles_desc":"","_seopress_robots_index":"","footnotes":""},"categories":[75],"tags":[78,79],"class_list":["post-8892","post","type-post","status-publish","format-standard","has-post-thumbnail","hentry","category-trade-show","tag-articulated-forklift-forklift-front-driven-rear-driven-articulated-counterbalanced-forklift-swing-swing-angle-mima-forkliftpurchasing","tag-logimat-logimat-logimat-forklift-forklft-show-forklift-trade-show"],"acf":[],"_links":{"self":[{"href":"https:\/\/www.mimaforklift.com\/fr\/wp-json\/wp\/v2\/posts\/8892","targetHints":{"allow":["GET"]}}],"collection":[{"href":"https:\/\/www.mimaforklift.com\/fr\/wp-json\/wp\/v2\/posts"}],"about":[{"href":"https:\/\/www.mimaforklift.com\/fr\/wp-json\/wp\/v2\/types\/post"}],"author":[{"embeddable":true,"href":"https:\/\/www.mimaforklift.com\/fr\/wp-json\/wp\/v2\/users\/5"}],"replies":[{"embeddable":true,"href":"https:\/\/www.mimaforklift.com\/fr\/wp-json\/wp\/v2\/comments?post=8892"}],"version-history":[{"count":0,"href":"https:\/\/www.mimaforklift.com\/fr\/wp-json\/wp\/v2\/posts\/8892\/revisions"}],"wp:featuredmedia":[{"embeddable":true,"href":"https:\/\/www.mimaforklift.com\/fr\/wp-json\/wp\/v2\/media\/8899"}],"wp:attachment":[{"href":"https:\/\/www.mimaforklift.com\/fr\/wp-json\/wp\/v2\/media?parent=8892"}],"wp:term":[{"taxonomy":"category","embeddable":true,"href":"https:\/\/www.mimaforklift.com\/fr\/wp-json\/wp\/v2\/categories?post=8892"},{"taxonomy":"post_tag","embeddable":true,"href":"https:\/\/www.mimaforklift.com\/fr\/wp-json\/wp\/v2\/tags?post=8892"}],"curies":[{"name":"wp","href":"https:\/\/api.w.org\/{rel}","templated":true}]}}