{"id":4997,"date":"2024-07-27T03:15:37","date_gmt":"2024-07-27T03:15:37","guid":{"rendered":"https:\/\/mimaforklift.com\/?p=4997"},"modified":"2025-02-10T07:24:30","modified_gmt":"2025-02-10T07:24:30","slug":"mima-forklift-excited-to-announce-latest-warehouse-solutions-at-cemat-australia-2024","status":"publish","type":"post","link":"https:\/\/www.mimaforklift.com\/fr\/mima-forklift-excited-to-announce-latest-warehouse-solutions-at-cemat-australia-2024\/","title":{"rendered":"MiMA Forklift se r\u00e9jouit d'annoncer ses derni\u00e8res solutions d'entreposage au CeMAT Australia 2024"},"content":{"rendered":"<div data-elementor-type=\"wp-post\" data-elementor-id=\"4997\" class=\"elementor elementor-4997\" data-elementor-post-type=\"post\">\n\t\t\t\t\t\t<section class=\"elementor-section elementor-top-section elementor-element elementor-element-4aeed355 elementor-section-boxed elementor-section-height-default elementor-section-height-default\" data-id=\"4aeed355\" data-element_type=\"section\">\n\t\t\t\t\t\t<div class=\"elementor-container elementor-column-gap-default\">\n\t\t\t\t\t<div class=\"elementor-column elementor-col-100 elementor-top-column elementor-element elementor-element-31861263\" data-id=\"31861263\" data-element_type=\"column\">\n\t\t\t<div class=\"elementor-widget-wrap elementor-element-populated\">\n\t\t\t\t\t\t<div class=\"elementor-element elementor-element-81d6386 elementor-widget__width-initial elementor-widget elementor-widget-text-editor\" data-id=\"81d6386\" data-element_type=\"widget\" data-widget_type=\"text-editor.default\">\n\t\t\t\t<div class=\"elementor-widget-container\">\n\t\t\t\t\t\t\t<p><!-- wp:paragraph --><\/p>\n<p>\u00a0<\/p>\n<div data-page-id=\"QUBOdHXM4oJsdKx3E8wclByCnZj\" data-docx-has-block-data=\"true\">\n<div><strong>Melbourne, Australie<\/strong>: MiMA Forklift a particip\u00e9 au CeMAT Australia l'ann\u00e9e derni\u00e8re et a \u00e9tabli des liens pr\u00e9cieux avec de nombreuses entreprises. Cette ann\u00e9e, MiMA Forklift est impatient de renouer avec de vieux amis et d'en faire de nouveaux au CeMAT Australia 2024.<\/div>\n<div>\u00a0<\/div>\n<div><strong>Date : 23 - 25 juillet 2024<\/strong><\/div>\n<div><strong>Lieu : Centre de convention et d'exposition de Melbourne<\/strong><\/div>\n<div><strong>Num\u00e9ro de stand : 207<\/strong><\/div>\n<div>\u00a0<\/div>\n<div>Nous sommes honor\u00e9s d'\u00eatre reconnus pour notre engagement en faveur de la s\u00e9curit\u00e9 et de l'efficacit\u00e9 au cours de l'ann\u00e9e \u00e9coul\u00e9e. Non seulement notre gamme compl\u00e8te de chariots \u00e9l\u00e9vateurs, mais aussi les solutions personnalis\u00e9es AGV et les chariots \u00e9l\u00e9vateurs VNA nous permettent de fournir \u00e0 nos clients les meilleures r\u00e9ponses dans le domaine de l'entreposage. Vous verrez nos produits phares cette ann\u00e9e, le nouveau chariot \u00e9l\u00e9vateur \u00e9lectrique \u00e0 contrepoids am\u00e9lior\u00e9 - la s\u00e9rie 2MK, ainsi que les chariots \u00e9l\u00e9vateurs \u00e9lectriques multidirectionnels et les chariots \u00e9l\u00e9vateurs \u00e0 m\u00e2t r\u00e9tractable. Vous trouverez ci-dessous des informations d\u00e9taill\u00e9es \u00e0 leur sujet :<\/div>\n<div><a href=\"https:\/\/www.mimaforklift.com\/fr\/reach-truck-mfz-series-16-30-tons\/\">MFZ20-95 : Chariot \u00e0 m\u00e2t r\u00e9tractable assis<\/a><\/div>\n<div><a href=\"https:\/\/www.mimaforklift.com\/fr\/articulated-forklift\/mj20\/\">MJ20-90 : Chariot \u00e9l\u00e9vateur articul\u00e9<\/a><\/div>\n<div><a href=\"https:\/\/www.mimaforklift.com\/fr\/narrow-aisle-forklift\/3-way-pallet-stacker-mca16\/\">MCA16-90 : Transpalette 3 voies assis<\/a><\/div>\n<div><a href=\"https:\/\/www.mimaforklift.com\/fr\">MFE14 : Ciseaux \u00e9lectriques \u00e0 port\u00e9e de main<\/a><\/div>\n<div><a href=\"https:\/\/www.mimaforklift.com\/fr\/multidirectional-forklift\/mqz25-mqz30\/\">MQZ25-85 : Chariot \u00e9l\u00e9vateur multidirectionnel assis<\/a><\/div>\n<div><a href=\"https:\/\/www.mimaforklift.com\/fr\/electric-counterbalance-forklift\/mk45-mk50\/\">MK30M-45 : Chariot \u00e9l\u00e9vateur \u00e9lectrique \u00e0 contrepoids<\/a><\/div>\n<div>\u00a0<\/div>\n<\/div>\n<p><!-- \/wp:paragraph --><\/p>\t\t\t\t\t\t<\/div>\n\t\t\t\t<\/div>\n\t\t\t\t\t<\/div>\n\t\t<\/div>\n\t\t\t\t\t<\/div>\n\t\t<\/section>\n\t\t\t\t<section class=\"elementor-section elementor-top-section elementor-element elementor-element-c150574 elementor-section-boxed elementor-section-height-default elementor-section-height-default\" data-id=\"c150574\" data-element_type=\"section\">\n\t\t\t\t\t\t<div class=\"elementor-container elementor-column-gap-default\">\n\t\t\t\t\t<div class=\"elementor-column elementor-col-100 elementor-top-column elementor-element elementor-element-ea69603\" data-id=\"ea69603\" data-element_type=\"column\">\n\t\t\t<div class=\"elementor-widget-wrap elementor-element-populated\">\n\t\t\t\t\t\t<div class=\"elementor-element elementor-element-52db088 elementor-widget elementor-widget-text-editor\" data-id=\"52db088\" data-element_type=\"widget\" data-widget_type=\"text-editor.default\">\n\t\t\t\t<div class=\"elementor-widget-container\">\n\t\t\t\t\t\t\t<p><strong>S\u00e9rie -2MK <\/strong>- Ils ont \u00e9t\u00e9 am\u00e9lior\u00e9s en termes de performance et d'efficacit\u00e9. Les moteurs haute puissance propulsent le 2MK jusqu'\u00e0 20% en pente ascendante et \u00e0 une vitesse maximale de 20km\/h. Il est con\u00e7u pour r\u00e9sister \u00e0 la pluie, aux entrep\u00f4ts frigorifiques et aux bosses. Il est \u00e9galement \u00e9quip\u00e9 d'un syst\u00e8me d'absorption des chocs sur\u00e9lev\u00e9 qui r\u00e9duit le bruit de la conduite.<\/p>\t\t\t\t\t\t<\/div>\n\t\t\t\t<\/div>\n\t\t\t\t\t<\/div>\n\t\t<\/div>\n\t\t\t\t\t<\/div>\n\t\t<\/section>\n\t\t\t\t<section class=\"elementor-section elementor-top-section elementor-element elementor-element-5438eff elementor-section-boxed elementor-section-height-default elementor-section-height-default\" data-id=\"5438eff\" data-element_type=\"section\">\n\t\t\t\t\t\t<div class=\"elementor-container elementor-column-gap-default\">\n\t\t\t\t\t<div class=\"elementor-column elementor-col-100 elementor-top-column elementor-element elementor-element-ca6222d\" data-id=\"ca6222d\" data-element_type=\"column\">\n\t\t\t<div class=\"elementor-widget-wrap elementor-element-populated\">\n\t\t\t\t\t\t<div class=\"elementor-element elementor-element-ee4cdb1 elementor-widget elementor-widget-text-editor\" data-id=\"ee4cdb1\" data-element_type=\"widget\" data-widget_type=\"text-editor.default\">\n\t\t\t\t<div class=\"elementor-widget-container\">\n\t\t\t\t\t\t\t<p><strong>-S\u00e9ries MQC et MQZ<\/strong> - Le chariot \u00e9lectrique multidirectionnel assis peut adopter des modes de conduite dans toutes les directions. Son mode de conduite lat\u00e9ral le rend parfait pour la manutention de mat\u00e9riaux longs. Il est \u00e9galement dot\u00e9 d'un m\u00e2t \u00e0 marge \u00e9lev\u00e9e d'une grande pr\u00e9cision, offrant une excellente capacit\u00e9 de charge m\u00eame \u00e0 une hauteur maximale de 10,5 m\u00e8tres.<\/p>\t\t\t\t\t\t<\/div>\n\t\t\t\t<\/div>\n\t\t\t\t\t<\/div>\n\t\t<\/div>\n\t\t\t\t\t<\/div>\n\t\t<\/section>\n\t\t\t\t<section class=\"elementor-section elementor-top-section elementor-element elementor-element-e6764a3 elementor-section-boxed elementor-section-height-default elementor-section-height-default\" data-id=\"e6764a3\" data-element_type=\"section\">\n\t\t\t\t\t\t<div class=\"elementor-container elementor-column-gap-default\">\n\t\t\t\t\t<div class=\"elementor-column elementor-col-100 elementor-top-column elementor-element elementor-element-e90df43\" data-id=\"e90df43\" data-element_type=\"column\">\n\t\t\t<div class=\"elementor-widget-wrap elementor-element-populated\">\n\t\t\t\t\t\t<div class=\"elementor-element elementor-element-213d5aa elementor-widget elementor-widget-image\" data-id=\"213d5aa\" data-element_type=\"widget\" data-widget_type=\"image.default\">\n\t\t\t\t<div class=\"elementor-widget-container\">\n\t\t\t\t\t\t\t\t\t\t\t\t\t<img fetchpriority=\"high\" decoding=\"async\" width=\"800\" height=\"800\" src=\"https:\/\/www.mimaforklift.com\/wp-content\/uploads\/2024\/07\/\u5fae\u4fe1\u56fe\u7247_20240717160647-1024x1024.jpg\" class=\"attachment-large size-large wp-image-7535\" alt=\"\" srcset=\"https:\/\/www.mimaforklift.com\/wp-content\/uploads\/2024\/07\/\u5fae\u4fe1\u56fe\u7247_20240717160647-1024x1024.jpg 1024w, https:\/\/www.mimaforklift.com\/wp-content\/uploads\/2024\/07\/\u5fae\u4fe1\u56fe\u7247_20240717160647-300x300.jpg 300w, https:\/\/www.mimaforklift.com\/wp-content\/uploads\/2024\/07\/\u5fae\u4fe1\u56fe\u7247_20240717160647-150x150.jpg 150w, https:\/\/www.mimaforklift.com\/wp-content\/uploads\/2024\/07\/\u5fae\u4fe1\u56fe\u7247_20240717160647-768x768.jpg 768w, https:\/\/www.mimaforklift.com\/wp-content\/uploads\/2024\/07\/\u5fae\u4fe1\u56fe\u7247_20240717160647-1536x1536.jpg 1536w, https:\/\/www.mimaforklift.com\/wp-content\/uploads\/2024\/07\/\u5fae\u4fe1\u56fe\u7247_20240717160647-600x600.jpg 600w, https:\/\/www.mimaforklift.com\/wp-content\/uploads\/2024\/07\/\u5fae\u4fe1\u56fe\u7247_20240717160647.jpg 1920w\" sizes=\"(max-width: 800px) 100vw, 800px\" \/>\t\t\t\t\t\t\t\t\t\t\t\t\t<\/div>\n\t\t\t\t<\/div>\n\t\t\t\t\t<\/div>\n\t\t<\/div>\n\t\t\t\t\t<\/div>\n\t\t<\/section>\n\t\t\t\t<section class=\"elementor-section elementor-top-section elementor-element elementor-element-8a35a2b elementor-section-boxed elementor-section-height-default elementor-section-height-default\" data-id=\"8a35a2b\" data-element_type=\"section\">\n\t\t\t\t\t\t<div class=\"elementor-container elementor-column-gap-default\">\n\t\t\t\t\t<div class=\"elementor-column elementor-col-100 elementor-top-column elementor-element elementor-element-9cb9912\" data-id=\"9cb9912\" data-element_type=\"column\">\n\t\t\t<div class=\"elementor-widget-wrap elementor-element-populated\">\n\t\t\t\t\t\t<div class=\"elementor-element elementor-element-c39da88 elementor-widget elementor-widget-text-editor\" data-id=\"c39da88\" data-element_type=\"widget\" data-widget_type=\"text-editor.default\">\n\t\t\t\t<div class=\"elementor-widget-container\">\n\t\t\t\t\t\t\t<p><strong>-S\u00e9rie MFE<\/strong> - La s\u00e9rie MFE est un chariot \u00e9l\u00e9vateur \u00e0 ciseaux d'une capacit\u00e9 de charge de 1,4~2,0 tonnes. \u00c9quip\u00e9 d'un m\u00e9canisme t\u00e9lescopique \u00e0 ciseaux permettant d'avancer ou de r\u00e9tracter les fourches, il pr\u00e9sente une carrosserie et un rayon de braquage plus petits, ainsi qu'une plus grande efficacit\u00e9. Le m\u00e9canisme \u00e0 double ciseaux r\u00e9sout le probl\u00e8me d'empilage des rayonnages \u00e0 double profondeur, ce qui am\u00e9liore consid\u00e9rablement le taux de capacit\u00e9 de stockage.<\/p>\t\t\t\t\t\t<\/div>\n\t\t\t\t<\/div>\n\t\t\t\t\t<\/div>\n\t\t<\/div>\n\t\t\t\t\t<\/div>\n\t\t<\/section>\n\t\t\t\t<section class=\"elementor-section elementor-top-section elementor-element elementor-element-e0e1274 elementor-section-boxed elementor-section-height-default elementor-section-height-default\" data-id=\"e0e1274\" data-element_type=\"section\">\n\t\t\t\t\t\t<div class=\"elementor-container elementor-column-gap-default\">\n\t\t\t\t\t<div class=\"elementor-column elementor-col-100 elementor-top-column elementor-element elementor-element-e2d47ac\" data-id=\"e2d47ac\" data-element_type=\"column\">\n\t\t\t<div class=\"elementor-widget-wrap elementor-element-populated\">\n\t\t\t\t\t\t<div class=\"elementor-element elementor-element-234dc72 elementor-widget elementor-widget-image\" data-id=\"234dc72\" data-element_type=\"widget\" data-widget_type=\"image.default\">\n\t\t\t\t<div class=\"elementor-widget-container\">\n\t\t\t\t\t\t\t\t\t\t\t\t\t<img decoding=\"async\" width=\"800\" height=\"529\" src=\"https:\/\/www.mimaforklift.com\/wp-content\/uploads\/2024\/07\/MFE\u5ba3\u4f20\u56fe-1024x677.jpg\" class=\"attachment-large size-large wp-image-7534\" alt=\"\" srcset=\"https:\/\/www.mimaforklift.com\/wp-content\/uploads\/2024\/07\/MFE\u5ba3\u4f20\u56fe-1024x677.jpg 1024w, https:\/\/www.mimaforklift.com\/wp-content\/uploads\/2024\/07\/MFE\u5ba3\u4f20\u56fe-300x198.jpg 300w, https:\/\/www.mimaforklift.com\/wp-content\/uploads\/2024\/07\/MFE\u5ba3\u4f20\u56fe-768x508.jpg 768w, https:\/\/www.mimaforklift.com\/wp-content\/uploads\/2024\/07\/MFE\u5ba3\u4f20\u56fe-600x397.jpg 600w, https:\/\/www.mimaforklift.com\/wp-content\/uploads\/2024\/07\/MFE\u5ba3\u4f20\u56fe.jpg 1105w\" sizes=\"(max-width: 800px) 100vw, 800px\" \/>\t\t\t\t\t\t\t\t\t\t\t\t\t<\/div>\n\t\t\t\t<\/div>\n\t\t\t\t\t<\/div>\n\t\t<\/div>\n\t\t\t\t\t<\/div>\n\t\t<\/section>\n\t\t\t\t<section class=\"elementor-section elementor-top-section elementor-element elementor-element-8f1f58a elementor-section-boxed elementor-section-height-default elementor-section-height-default\" data-id=\"8f1f58a\" data-element_type=\"section\">\n\t\t\t\t\t\t<div class=\"elementor-container elementor-column-gap-default\">\n\t\t\t\t\t<div class=\"elementor-column elementor-col-100 elementor-top-column elementor-element elementor-element-7a4272d\" data-id=\"7a4272d\" data-element_type=\"column\">\n\t\t\t<div class=\"elementor-widget-wrap elementor-element-populated\">\n\t\t\t\t\t\t<div class=\"elementor-element elementor-element-bd45eae elementor-widget elementor-widget-text-editor\" data-id=\"bd45eae\" data-element_type=\"widget\" data-widget_type=\"text-editor.default\">\n\t\t\t\t<div class=\"elementor-widget-container\">\n\t\t\t\t\t\t\t<div>\"Nous sommes ravis de participer au CeMAT Australia de cette ann\u00e9e et d'avoir l'opportunit\u00e9 d'entrer en contact avec les professionnels de l'entrep\u00f4t\", a d\u00e9clar\u00e9 Roger Qiu, directeur g\u00e9n\u00e9ral de MiMA Forklift. \"Notre objectif est d'apporter nos derni\u00e8res innovations et de d\u00e9montrer comment nos solutions peuvent permettre aux entreprises d'atteindre leurs objectifs de mani\u00e8re plus s\u00fbre et plus efficace.\"<\/div>\n<div>\u00a0<\/div>\n<div>Nous attendons avec impatience de rencontrer plus de professionnels de l'industrie et de reprendre contact avec vous lors de l'\u00e9v\u00e9nement de l'ann\u00e9e prochaine. Merci d'avoir fait de CeMAT Australia 2024 une exp\u00e9rience m\u00e9morable pour MiMA Forklift !<\/div>\t\t\t\t\t\t<\/div>\n\t\t\t\t<\/div>\n\t\t\t\t\t<\/div>\n\t\t<\/div>\n\t\t\t\t\t<\/div>\n\t\t<\/section>\n\t\t\t\t<\/div>","protected":false},"excerpt":{"rendered":"<p>\u00a0 Melbourne, Australie : MiMA Forklift a particip\u00e9 au CeMAT Australia l'ann\u00e9e derni\u00e8re et a nou\u00e9 des liens pr\u00e9cieux avec de nombreuses entreprises. Cette ann\u00e9e, MiMA Forklift est impatient de renouer avec de vieux amis et d'en faire de nouveaux au CeMAT Australia 2024.   Date : 23 - 25 juillet 2024 Lieu : Melbourne Convention &amp; Exhibition Centre Num\u00e9ro de stand : 207 Nous [...]<\/p>","protected":false},"author":5,"featured_media":7504,"comment_status":"open","ping_status":"open","sticky":false,"template":"","format":"standard","meta":{"_acf_changed":false,"_seopress_robots_primary_cat":"none","_seopress_titles_title":"","_seopress_titles_desc":"","_seopress_robots_index":"","footnotes":""},"categories":[75],"tags":[],"class_list":["post-4997","post","type-post","status-publish","format-standard","has-post-thumbnail","hentry","category-trade-show"],"acf":[],"_links":{"self":[{"href":"https:\/\/www.mimaforklift.com\/fr\/wp-json\/wp\/v2\/posts\/4997","targetHints":{"allow":["GET"]}}],"collection":[{"href":"https:\/\/www.mimaforklift.com\/fr\/wp-json\/wp\/v2\/posts"}],"about":[{"href":"https:\/\/www.mimaforklift.com\/fr\/wp-json\/wp\/v2\/types\/post"}],"author":[{"embeddable":true,"href":"https:\/\/www.mimaforklift.com\/fr\/wp-json\/wp\/v2\/users\/5"}],"replies":[{"embeddable":true,"href":"https:\/\/www.mimaforklift.com\/fr\/wp-json\/wp\/v2\/comments?post=4997"}],"version-history":[{"count":0,"href":"https:\/\/www.mimaforklift.com\/fr\/wp-json\/wp\/v2\/posts\/4997\/revisions"}],"wp:featuredmedia":[{"embeddable":true,"href":"https:\/\/www.mimaforklift.com\/fr\/wp-json\/wp\/v2\/media\/7504"}],"wp:attachment":[{"href":"https:\/\/www.mimaforklift.com\/fr\/wp-json\/wp\/v2\/media?parent=4997"}],"wp:term":[{"taxonomy":"category","embeddable":true,"href":"https:\/\/www.mimaforklift.com\/fr\/wp-json\/wp\/v2\/categories?post=4997"},{"taxonomy":"post_tag","embeddable":true,"href":"https:\/\/www.mimaforklift.com\/fr\/wp-json\/wp\/v2\/tags?post=4997"}],"curies":[{"name":"wp","href":"https:\/\/api.w.org\/{rel}","templated":true}]}}