{"id":10637,"date":"2025-12-08T07:42:34","date_gmt":"2025-12-08T07:42:34","guid":{"rendered":"https:\/\/www.mimaforklift.com\/?p=10637"},"modified":"2025-12-08T08:04:41","modified_gmt":"2025-12-08T08:04:41","slug":"mima-forklift-at-robotics-warsaw-2026-where-material-handling-meets-automation","status":"publish","type":"post","link":"https:\/\/www.mimaforklift.com\/fr\/mima-forklift-at-robotics-warsaw-2026-where-material-handling-meets-automation\/","title":{"rendered":"MiMA Forklift \u00e0 Robotics Varsovie 2026 : Quand la manutention rencontre l'automatisation"},"content":{"rendered":"<div data-elementor-type=\"wp-post\" data-elementor-id=\"10637\" class=\"elementor elementor-10637\" data-elementor-post-type=\"post\">\n\t\t\t\t\t\t<section class=\"elementor-section elementor-top-section elementor-element elementor-element-86df926 elementor-section-boxed elementor-section-height-default elementor-section-height-default\" data-id=\"86df926\" data-element_type=\"section\">\n\t\t\t\t\t\t<div class=\"elementor-container elementor-column-gap-default\">\n\t\t\t\t\t<div class=\"elementor-column elementor-col-100 elementor-top-column elementor-element elementor-element-257cbc7\" data-id=\"257cbc7\" data-element_type=\"column\">\n\t\t\t<div class=\"elementor-widget-wrap elementor-element-populated\">\n\t\t\t\t\t\t<div class=\"elementor-element elementor-element-ff8ee89 elementor-widget elementor-widget-image\" data-id=\"ff8ee89\" data-element_type=\"widget\" data-widget_type=\"image.default\">\n\t\t\t\t<div class=\"elementor-widget-container\">\n\t\t\t\t\t\t\t\t\t\t\t\t\t<img fetchpriority=\"high\" decoding=\"async\" width=\"800\" height=\"450\" src=\"https:\/\/www.mimaforklift.com\/wp-content\/uploads\/2025\/12\/\u6ce2\u5170\u5c55\u4f1a\u9884\u544a\u6d77\u62a54-1024x576.jpg\" class=\"attachment-large size-large wp-image-10640\" alt=\"\" srcset=\"\" sizes=\"(max-width: 800px) 100vw, 800px\" data-srcset=\"\" \/>\t\t\t\t\t\t\t\t\t\t\t\t\t<\/div>\n\t\t\t\t<\/div>\n\t\t\t\t\t<\/div>\n\t\t<\/div>\n\t\t\t\t\t<\/div>\n\t\t<\/section>\n\t\t\t\t<section class=\"elementor-section elementor-top-section elementor-element elementor-element-f9dca23 elementor-section-boxed elementor-section-height-default elementor-section-height-default\" data-id=\"f9dca23\" data-element_type=\"section\">\n\t\t\t\t\t\t<div class=\"elementor-container elementor-column-gap-default\">\n\t\t\t\t\t<div class=\"elementor-column elementor-col-100 elementor-top-column elementor-element elementor-element-685d72a\" data-id=\"685d72a\" data-element_type=\"column\">\n\t\t\t<div class=\"elementor-widget-wrap elementor-element-populated\">\n\t\t\t\t\t\t<div class=\"elementor-element elementor-element-cb659f4 elementor-widget elementor-widget-text-editor\" data-id=\"cb659f4\" data-element_type=\"widget\" data-widget_type=\"text-editor.default\">\n\t\t\t\t<div class=\"elementor-widget-container\">\n\t\t\t\t\t\t\t<div><div><p class=\"otl-paragraph\"><span class=\"color_font\">Du 3 au 5 f\u00e9vrier 2026, MiMA Forklift se joint aux principaux acteurs de l'industrie de la robotique \u00e0 Ptak Warsaw Expo \u00e0 Nadarzyn, en Pologne, pour Robotics Warsaw. Cet \u00e9v\u00e9nement marque une occasion importante pour MiMA de pr\u00e9senter nos \u00e9quipements construits sp\u00e9cifiquement pour les environnements automatis\u00e9s.<\/span><\/p><p class=\"otl-paragraph\">\u00a0<\/p><p class=\"otl-paragraph\"><span class=\"color_font\">Au <\/span><span class=\"color_font\"><strong>Hall D, stand D2.82<\/strong><\/span><span class=\"color_font\">Nous pr\u00e9senterons des chariots \u00e9l\u00e9vateurs \u00e9lectriques et des v\u00e9hicules autoguid\u00e9s. <\/span>(v\u00e9hicules \u00e0 guidage automatique) <span class=\"color_font\"> du mat\u00e9riel con\u00e7u avec des caract\u00e9ristiques importantes pour l'int\u00e9gration de la robotique : <\/span><\/p><ul><li class=\"otl-paragraph\"><span class=\"color_font\">Protocoles de communication normalis\u00e9s<\/span><\/li><li class=\"otl-paragraph\"><span class=\"color_font\">Contr\u00f4le pr\u00e9cis du positionnement<\/span><\/li><li class=\"otl-paragraph\"><span class=\"color_font\">Des syst\u00e8mes de s\u00e9curit\u00e9 renforc\u00e9s<\/span><\/li><\/ul><p class=\"otl-paragraph\">\u00a0<\/p><p class=\"otl-paragraph\"><span class=\"color_font\">Notre \u00e9quipe effectuera des d\u00e9monstrations en direct tout au long de la journ\u00e9e, montrant comment ces machines se coordonnent avec l'AGV dans des sc\u00e9narios r\u00e9els.<\/span><\/p><p class=\"otl-paragraph\">\u00a0<\/p><p class=\"otl-paragraph\"><span class=\"color_font\">Les visiteurs peuvent s'entretenir directement avec nos ing\u00e9nieurs d'application sur les d\u00e9fis sp\u00e9cifiques \u00e0 leur \u00e9tablissement. Nous examinerons les plans d'implantation, discuterons des exigences en mati\u00e8re d'interface et partagerons la documentation qui simplifie le processus d'int\u00e9gration. Pour les op\u00e9rations qui planifient des projets d'automatisation, cela signifie obtenir des r\u00e9ponses concr\u00e8tes sur la compatibilit\u00e9, les d\u00e9lais de mise en \u0153uvre et les mesures de performance - et pas seulement des brochures de produits.<\/span><\/p><p class=\"otl-paragraph\">\u00a0<\/p><p class=\"otl-paragraph\"><span class=\"color_font\">Arr\u00eatez-vous au stand D2.82 pour voir des \u00e9quipements qui fonctionnent de mani\u00e8re fiable dans les flux de travail manuels et automatis\u00e9s, et pour en retirer des informations techniques que vous pouvez appliquer directement \u00e0 la planification de vos installations.<\/span><\/p><\/div><\/div>\t\t\t\t\t\t<\/div>\n\t\t\t\t<\/div>\n\t\t\t\t\t<\/div>\n\t\t<\/div>\n\t\t\t\t\t<\/div>\n\t\t<\/section>\n\t\t\t\t<\/div>","protected":false},"excerpt":{"rendered":"<p>Du 3 au 5 f\u00e9vrier 2026, MiMA Forklift se joint aux principaux acteurs de l'industrie de la robotique \u00e0 Ptak Warsaw Expo \u00e0 Nadarzyn, en Pologne, pour Robotics Warsaw. Cet \u00e9v\u00e9nement marque une occasion importante pour MiMA de pr\u00e9senter nos \u00e9quipements construits sp\u00e9cifiquement pour les environnements automatis\u00e9s.   Dans le hall D, stand D2.82, nous exposerons des chariots \u00e9l\u00e9vateurs \u00e9lectriques et des AGV (v\u00e9hicules \u00e0 guidage automatique) [...]<\/p>","protected":false},"author":5,"featured_media":10640,"comment_status":"open","ping_status":"open","sticky":false,"template":"","format":"standard","meta":{"_acf_changed":false,"_seopress_robots_primary_cat":"none","_seopress_titles_title":"","_seopress_titles_desc":"","_seopress_robots_index":"","footnotes":""},"categories":[81,75,1],"tags":[],"class_list":["post-10637","post","type-post","status-publish","format-standard","has-post-thumbnail","hentry","category-news","category-trade-show","category-uncategorized"],"acf":[],"_links":{"self":[{"href":"https:\/\/www.mimaforklift.com\/fr\/wp-json\/wp\/v2\/posts\/10637","targetHints":{"allow":["GET"]}}],"collection":[{"href":"https:\/\/www.mimaforklift.com\/fr\/wp-json\/wp\/v2\/posts"}],"about":[{"href":"https:\/\/www.mimaforklift.com\/fr\/wp-json\/wp\/v2\/types\/post"}],"author":[{"embeddable":true,"href":"https:\/\/www.mimaforklift.com\/fr\/wp-json\/wp\/v2\/users\/5"}],"replies":[{"embeddable":true,"href":"https:\/\/www.mimaforklift.com\/fr\/wp-json\/wp\/v2\/comments?post=10637"}],"version-history":[{"count":0,"href":"https:\/\/www.mimaforklift.com\/fr\/wp-json\/wp\/v2\/posts\/10637\/revisions"}],"wp:featuredmedia":[{"embeddable":true,"href":"https:\/\/www.mimaforklift.com\/fr\/wp-json\/wp\/v2\/media\/10640"}],"wp:attachment":[{"href":"https:\/\/www.mimaforklift.com\/fr\/wp-json\/wp\/v2\/media?parent=10637"}],"wp:term":[{"taxonomy":"category","embeddable":true,"href":"https:\/\/www.mimaforklift.com\/fr\/wp-json\/wp\/v2\/categories?post=10637"},{"taxonomy":"post_tag","embeddable":true,"href":"https:\/\/www.mimaforklift.com\/fr\/wp-json\/wp\/v2\/tags?post=10637"}],"curies":[{"name":"wp","href":"https:\/\/api.w.org\/{rel}","templated":true}]}}