{"id":9186,"date":"2025-05-12T07:09:48","date_gmt":"2025-05-12T07:09:48","guid":{"rendered":"https:\/\/www.mimaforklift.com\/?p=9186"},"modified":"2025-06-06T03:06:06","modified_gmt":"2025-06-06T03:06:06","slug":"mima-heads-to-riyadh-for-saudi-warehousing-logistics-expo-2025","status":"publish","type":"post","link":"https:\/\/www.mimaforklift.com\/es\/mima-heads-to-riyadh-for-saudi-warehousing-logistics-expo-2025\/","title":{"rendered":"MiMA se dirige a Riad para la Saudi Warehousing &amp; Logistics Expo 2025"},"content":{"rendered":"<div data-elementor-type=\"wp-post\" data-elementor-id=\"9186\" class=\"elementor elementor-9186\" data-elementor-post-type=\"post\">\n\t\t\t\t\t\t<section class=\"elementor-section elementor-top-section elementor-element elementor-element-cb44727 elementor-section-boxed elementor-section-height-default elementor-section-height-default\" data-id=\"cb44727\" data-element_type=\"section\">\n\t\t\t\t\t\t<div class=\"elementor-container elementor-column-gap-default\">\n\t\t\t\t\t<div class=\"elementor-column elementor-col-100 elementor-top-column elementor-element elementor-element-42de336\" data-id=\"42de336\" data-element_type=\"column\">\n\t\t\t<div class=\"elementor-widget-wrap elementor-element-populated\">\n\t\t\t\t\t\t<div class=\"elementor-element elementor-element-8b97f18 elementor-widget elementor-widget-text-editor\" data-id=\"8b97f18\" data-element_type=\"widget\" data-widget_type=\"text-editor.default\">\n\t\t\t\t<div class=\"elementor-widget-container\">\n\t\t\t\t\t\t\t<div><div><p class=\"otl-paragraph\">El pr\u00f3ximo mes de mayo, MiMA se desplazar\u00e1 a Riad para asistir a la Saudi Warehousing &amp; Logistics Expo 2025, un evento dirigido a los profesionales de la cadena de suministro y la manipulaci\u00f3n de la regi\u00f3n.<\/p><p class=\"otl-paragraph\">Del 27 al 29 de mayo, estaremos en <strong>Stand Z6-B28<\/strong> en el Centro Internacional de Convenciones y Exposiciones de Riad, mostrando una afilada gama de m\u00e1quinas dise\u00f1adas para moverse con eficacia en espacios reducidos de almac\u00e9n.<\/p><\/div><\/div>\t\t\t\t\t\t<\/div>\n\t\t\t\t<\/div>\n\t\t\t\t\t<\/div>\n\t\t<\/div>\n\t\t\t\t\t<\/div>\n\t\t<\/section>\n\t\t\t\t<section class=\"elementor-section elementor-top-section elementor-element elementor-element-dea0e20 elementor-section-boxed elementor-section-height-default elementor-section-height-default\" data-id=\"dea0e20\" data-element_type=\"section\">\n\t\t\t\t\t\t<div class=\"elementor-container elementor-column-gap-default\">\n\t\t\t\t\t<div class=\"elementor-column elementor-col-100 elementor-top-column elementor-element elementor-element-095870b\" data-id=\"095870b\" data-element_type=\"column\">\n\t\t\t<div class=\"elementor-widget-wrap elementor-element-populated\">\n\t\t\t\t\t\t<div class=\"elementor-element elementor-element-c3494a2 elementor-widget elementor-widget-image\" data-id=\"c3494a2\" data-element_type=\"widget\" data-widget_type=\"image.default\">\n\t\t\t\t<div class=\"elementor-widget-container\">\n\t\t\t\t\t\t\t\t\t\t\t\t\t<img fetchpriority=\"high\" decoding=\"async\" width=\"800\" height=\"450\" src=\"https:\/\/www.mimaforklift.com\/wp-content\/uploads\/2025\/05\/25\u6c99\u7279Saudi-Expo-1024x576.jpg\" class=\"attachment-large size-large wp-image-9190\" alt=\"Invitaci\u00f3n a Saudi-Expo\" srcset=\"\" sizes=\"(max-width: 800px) 100vw, 800px\" data-srcset=\"\" \/>\t\t\t\t\t\t\t\t\t\t\t\t\t<\/div>\n\t\t\t\t<\/div>\n\t\t\t\t\t<\/div>\n\t\t<\/div>\n\t\t\t\t\t<\/div>\n\t\t<\/section>\n\t\t\t\t<section class=\"elementor-section elementor-top-section elementor-element elementor-element-4a34173 elementor-section-boxed elementor-section-height-default elementor-section-height-default\" data-id=\"4a34173\" data-element_type=\"section\">\n\t\t\t\t\t\t<div class=\"elementor-container elementor-column-gap-default\">\n\t\t\t\t\t<div class=\"elementor-column elementor-col-100 elementor-top-column elementor-element elementor-element-8fb462c\" data-id=\"8fb462c\" data-element_type=\"column\">\n\t\t\t<div class=\"elementor-widget-wrap elementor-element-populated\">\n\t\t\t\t\t\t<div class=\"elementor-element elementor-element-c2e1941 elementor-widget elementor-widget-text-editor\" data-id=\"c2e1941\" data-element_type=\"widget\" data-widget_type=\"text-editor.default\">\n\t\t\t\t<div class=\"elementor-widget-container\">\n\t\t\t\t\t\t\t<div><div><p class=\"otl-paragraph\"><strong>En exposici\u00f3n:<\/strong><\/p><p class=\"otl-paragraph\">- <a href=\"https:\/\/www.mimaforklift.com\/es\/articulated-forklift\/mj20\/\"><strong>MJ20-90<\/strong> - soluci\u00f3n integral y potente para VNA<\/a><\/p><p class=\"otl-paragraph\">- <a href=\"https:\/\/www.mimaforklift.com\/es\/reach-truck-mfz-series-16-30-tons\/\"><strong>MFZ20H-80<\/strong> - gran estabilidad, gran alcance<\/a><\/p><\/div><\/div>\t\t\t\t\t\t<\/div>\n\t\t\t\t<\/div>\n\t\t\t\t\t<\/div>\n\t\t<\/div>\n\t\t\t\t\t<\/div>\n\t\t<\/section>\n\t\t\t\t<section class=\"elementor-section elementor-top-section elementor-element elementor-element-85fbea6 elementor-section-boxed elementor-section-height-default elementor-section-height-default\" data-id=\"85fbea6\" data-element_type=\"section\">\n\t\t\t\t\t\t<div class=\"elementor-container elementor-column-gap-default\">\n\t\t\t\t\t<div class=\"elementor-column elementor-col-50 elementor-top-column elementor-element elementor-element-45a258a\" data-id=\"45a258a\" data-element_type=\"column\">\n\t\t\t<div class=\"elementor-widget-wrap elementor-element-populated\">\n\t\t\t\t\t\t<div class=\"elementor-element elementor-element-7a4be6a elementor-widget elementor-widget-image\" data-id=\"7a4be6a\" data-element_type=\"widget\" data-widget_type=\"image.default\">\n\t\t\t\t<div class=\"elementor-widget-container\">\n\t\t\t\t\t\t\t\t\t\t\t\t\t<img decoding=\"async\" width=\"720\" height=\"450\" src=\"https:\/\/www.mimaforklift.com\/wp-content\/uploads\/2024\/06\/Articulated-Forklift-MJ20-6.jpg\" class=\"attachment-large size-large wp-image-5140\" alt=\"Carretilla elevadora articulada MJ20 - 6\" srcset=\"https:\/\/www.mimaforklift.com\/wp-content\/uploads\/2024\/06\/Articulated-Forklift-MJ20-6.jpg 720w, https:\/\/www.mimaforklift.com\/wp-content\/uploads\/2024\/06\/Articulated-Forklift-MJ20-6-300x188.jpg 300w, https:\/\/www.mimaforklift.com\/wp-content\/uploads\/2024\/06\/Articulated-Forklift-MJ20-6-600x375.jpg 600w\" sizes=\"(max-width: 720px) 100vw, 720px\" \/>\t\t\t\t\t\t\t\t\t\t\t\t\t<\/div>\n\t\t\t\t<\/div>\n\t\t\t\t\t<\/div>\n\t\t<\/div>\n\t\t\t\t<div class=\"elementor-column elementor-col-50 elementor-top-column elementor-element elementor-element-4bf4bb9\" data-id=\"4bf4bb9\" data-element_type=\"column\">\n\t\t\t<div class=\"elementor-widget-wrap elementor-element-populated\">\n\t\t\t\t\t\t<div class=\"elementor-element elementor-element-26756f6 elementor-widget elementor-widget-image\" data-id=\"26756f6\" data-element_type=\"widget\" data-widget_type=\"image.default\">\n\t\t\t\t<div class=\"elementor-widget-container\">\n\t\t\t\t\t\t\t\t\t\t\t\t\t<img decoding=\"async\" width=\"720\" height=\"450\" src=\"https:\/\/www.mimaforklift.com\/wp-content\/uploads\/2024\/07\/MFZ1620-7.jpg\" class=\"attachment-large size-large wp-image-4533\" alt=\"Carretilla retr\u00e1ctil sentada\" srcset=\"https:\/\/www.mimaforklift.com\/wp-content\/uploads\/2024\/07\/MFZ1620-7.jpg 720w, https:\/\/www.mimaforklift.com\/wp-content\/uploads\/2024\/07\/MFZ1620-7-300x188.jpg 300w, https:\/\/www.mimaforklift.com\/wp-content\/uploads\/2024\/07\/MFZ1620-7-600x375.jpg 600w\" sizes=\"(max-width: 720px) 100vw, 720px\" \/>\t\t\t\t\t\t\t\t\t\t\t\t\t<\/div>\n\t\t\t\t<\/div>\n\t\t\t\t\t<\/div>\n\t\t<\/div>\n\t\t\t\t\t<\/div>\n\t\t<\/section>\n\t\t\t\t<section class=\"elementor-section elementor-top-section elementor-element elementor-element-dd4a280 elementor-section-boxed elementor-section-height-default elementor-section-height-default\" data-id=\"dd4a280\" data-element_type=\"section\">\n\t\t\t\t\t\t<div class=\"elementor-container elementor-column-gap-default\">\n\t\t\t\t\t<div class=\"elementor-column elementor-col-100 elementor-top-column elementor-element elementor-element-76fe686\" data-id=\"76fe686\" data-element_type=\"column\">\n\t\t\t<div class=\"elementor-widget-wrap elementor-element-populated\">\n\t\t\t\t\t\t<div class=\"elementor-element elementor-element-87210cc elementor-widget elementor-widget-text-editor\" data-id=\"87210cc\" data-element_type=\"widget\" data-widget_type=\"text-editor.default\">\n\t\t\t\t<div class=\"elementor-widget-container\">\n\t\t\t\t\t\t\t<p>\u00a0<\/p><p class=\"otl-paragraph\">- <a href=\"https:\/\/www.mimaforklift.com\/es\/multidirectional-forklift\/mqc25-mqc30\/\"><strong>1MQC30M-45<\/strong> - fuerte rendimiento para material largo<\/a><\/p><p class=\"otl-paragraph\">- <a href=\"https:\/\/www.mimaforklift.com\/es\/electric-counterbalance-forklift\/mk15-mk40\/\"><strong>2MK30M-45<\/strong> - el MK30 mejorado, ahora m\u00e1s inteligente y \u00e1gil<\/a><\/p>\t\t\t\t\t\t<\/div>\n\t\t\t\t<\/div>\n\t\t\t\t\t<\/div>\n\t\t<\/div>\n\t\t\t\t\t<\/div>\n\t\t<\/section>\n\t\t\t\t<section class=\"elementor-section elementor-top-section elementor-element elementor-element-abc7cee elementor-section-boxed elementor-section-height-default elementor-section-height-default\" data-id=\"abc7cee\" data-element_type=\"section\">\n\t\t\t\t\t\t<div class=\"elementor-container elementor-column-gap-default\">\n\t\t\t\t\t<div class=\"elementor-column elementor-col-50 elementor-top-column elementor-element elementor-element-715f173\" data-id=\"715f173\" data-element_type=\"column\">\n\t\t\t<div class=\"elementor-widget-wrap elementor-element-populated\">\n\t\t\t\t\t\t<div class=\"elementor-element elementor-element-dc9f22c elementor-widget elementor-widget-image\" data-id=\"dc9f22c\" data-element_type=\"widget\" data-widget_type=\"image.default\">\n\t\t\t\t<div class=\"elementor-widget-container\">\n\t\t\t\t\t\t\t\t\t\t\t\t\t<img loading=\"lazy\" decoding=\"async\" width=\"720\" height=\"644\" src=\"https:\/\/www.mimaforklift.com\/wp-content\/uploads\/2024\/09\/electric-multi-directional-forklift-mqc25-4.jpg\" class=\"attachment-large size-large wp-image-6265\" alt=\"carretilla multidireccional el\u00e9ctrica mqc25 (4)\" srcset=\"https:\/\/www.mimaforklift.com\/wp-content\/uploads\/2024\/09\/electric-multi-directional-forklift-mqc25-4.jpg 720w, https:\/\/www.mimaforklift.com\/wp-content\/uploads\/2024\/09\/electric-multi-directional-forklift-mqc25-4-300x268.jpg 300w, https:\/\/www.mimaforklift.com\/wp-content\/uploads\/2024\/09\/electric-multi-directional-forklift-mqc25-4-600x537.jpg 600w\" sizes=\"(max-width: 720px) 100vw, 720px\" \/>\t\t\t\t\t\t\t\t\t\t\t\t\t<\/div>\n\t\t\t\t<\/div>\n\t\t\t\t\t<\/div>\n\t\t<\/div>\n\t\t\t\t<div class=\"elementor-column elementor-col-50 elementor-top-column elementor-element elementor-element-21ebefe\" data-id=\"21ebefe\" data-element_type=\"column\">\n\t\t\t<div class=\"elementor-widget-wrap elementor-element-populated\">\n\t\t\t\t\t\t<div class=\"elementor-element elementor-element-63bf5ca elementor-widget elementor-widget-image\" data-id=\"63bf5ca\" data-element_type=\"widget\" data-widget_type=\"image.default\">\n\t\t\t\t<div class=\"elementor-widget-container\">\n\t\t\t\t\t\t\t\t\t\t\t\t\t<img loading=\"lazy\" decoding=\"async\" width=\"720\" height=\"644\" src=\"https:\/\/www.mimaforklift.com\/wp-content\/uploads\/2024\/07\/Electric-Counterbalance-Forklift-II-4.jpg\" class=\"attachment-large size-large wp-image-6297\" alt=\"Carretilla Elevadora El\u00e9ctrica Contrapesada II\" srcset=\"https:\/\/www.mimaforklift.com\/wp-content\/uploads\/2024\/07\/Electric-Counterbalance-Forklift-II-4.jpg 720w, https:\/\/www.mimaforklift.com\/wp-content\/uploads\/2024\/07\/Electric-Counterbalance-Forklift-II-4-300x268.jpg 300w, https:\/\/www.mimaforklift.com\/wp-content\/uploads\/2024\/07\/Electric-Counterbalance-Forklift-II-4-600x537.jpg 600w\" sizes=\"(max-width: 720px) 100vw, 720px\" \/>\t\t\t\t\t\t\t\t\t\t\t\t\t<\/div>\n\t\t\t\t<\/div>\n\t\t\t\t\t<\/div>\n\t\t<\/div>\n\t\t\t\t\t<\/div>\n\t\t<\/section>\n\t\t\t\t<section class=\"elementor-section elementor-top-section elementor-element elementor-element-ef1f1cd elementor-section-boxed elementor-section-height-default elementor-section-height-default\" data-id=\"ef1f1cd\" data-element_type=\"section\">\n\t\t\t\t\t\t<div class=\"elementor-container elementor-column-gap-default\">\n\t\t\t\t\t<div class=\"elementor-column elementor-col-100 elementor-top-column elementor-element elementor-element-17bf561\" data-id=\"17bf561\" data-element_type=\"column\">\n\t\t\t<div class=\"elementor-widget-wrap elementor-element-populated\">\n\t\t\t\t\t\t<div class=\"elementor-element elementor-element-099740f elementor-widget elementor-widget-text-editor\" data-id=\"099740f\" data-element_type=\"widget\" data-widget_type=\"text-editor.default\">\n\t\t\t\t<div class=\"elementor-widget-container\">\n\t\t\t\t\t\t\t<div><div>Si trabaja en los sectores de la log\u00edstica, el almacenamiento o la distribuci\u00f3n en el Golfo P\u00e9rsico, esta es una feria discreta pero muy valiosa. Estaremos all\u00ed, listos para hablar de soluciones.<\/div><\/div>\t\t\t\t\t\t<\/div>\n\t\t\t\t<\/div>\n\t\t\t\t\t<\/div>\n\t\t<\/div>\n\t\t\t\t\t<\/div>\n\t\t<\/section>\n\t\t\t\t<\/div>","protected":false},"excerpt":{"rendered":"<p>El pr\u00f3ximo mes de mayo, MiMA se desplazar\u00e1 a Riad para asistir a la Saudi Warehousing &amp; Logistics Expo 2025, un evento dirigido a los profesionales de la cadena de suministro y la manipulaci\u00f3n de la regi\u00f3n. Del 27 al 29 de mayo, estaremos en el stand Z6-B28 en el Riyadh International Convention &amp; Exhibition Center, mostrando una l\u00ednea [...]<\/p>","protected":false},"author":5,"featured_media":9190,"comment_status":"open","ping_status":"open","sticky":false,"template":"","format":"standard","meta":{"_acf_changed":false,"_seopress_robots_primary_cat":"none","_seopress_titles_title":"","_seopress_titles_desc":"","_seopress_robots_index":"","footnotes":""},"categories":[75],"tags":[],"class_list":["post-9186","post","type-post","status-publish","format-standard","has-post-thumbnail","hentry","category-trade-show"],"acf":[],"_links":{"self":[{"href":"https:\/\/www.mimaforklift.com\/es\/wp-json\/wp\/v2\/posts\/9186","targetHints":{"allow":["GET"]}}],"collection":[{"href":"https:\/\/www.mimaforklift.com\/es\/wp-json\/wp\/v2\/posts"}],"about":[{"href":"https:\/\/www.mimaforklift.com\/es\/wp-json\/wp\/v2\/types\/post"}],"author":[{"embeddable":true,"href":"https:\/\/www.mimaforklift.com\/es\/wp-json\/wp\/v2\/users\/5"}],"replies":[{"embeddable":true,"href":"https:\/\/www.mimaforklift.com\/es\/wp-json\/wp\/v2\/comments?post=9186"}],"version-history":[{"count":0,"href":"https:\/\/www.mimaforklift.com\/es\/wp-json\/wp\/v2\/posts\/9186\/revisions"}],"wp:featuredmedia":[{"embeddable":true,"href":"https:\/\/www.mimaforklift.com\/es\/wp-json\/wp\/v2\/media\/9190"}],"wp:attachment":[{"href":"https:\/\/www.mimaforklift.com\/es\/wp-json\/wp\/v2\/media?parent=9186"}],"wp:term":[{"taxonomy":"category","embeddable":true,"href":"https:\/\/www.mimaforklift.com\/es\/wp-json\/wp\/v2\/categories?post=9186"},{"taxonomy":"post_tag","embeddable":true,"href":"https:\/\/www.mimaforklift.com\/es\/wp-json\/wp\/v2\/tags?post=9186"}],"curies":[{"name":"wp","href":"https:\/\/api.w.org\/{rel}","templated":true}]}}