{"id":8999,"date":"2025-04-15T06:24:32","date_gmt":"2025-04-15T06:24:32","guid":{"rendered":"https:\/\/www.mimaforklift.com\/?p=8999"},"modified":"2025-05-13T05:51:20","modified_gmt":"2025-05-13T05:51:20","slug":"elvaan-equipment-solutions-mima-forklifts-partner-to-shine-at-alberta-equipment-expo-2025","status":"publish","type":"post","link":"https:\/\/www.mimaforklift.com\/es\/elvaan-equipment-solutions-mima-forklifts-partner-to-shine-at-alberta-equipment-expo-2025\/","title":{"rendered":"Elvaan Equipment Solutions, socio de MiMA Forklift, brillar\u00e1 en la Alberta Equipment Expo 2025."},"content":{"rendered":"<div data-elementor-type=\"wp-post\" data-elementor-id=\"8999\" class=\"elementor elementor-8999\" data-elementor-post-type=\"post\">\n\t\t\t\t\t\t<section class=\"elementor-section elementor-top-section elementor-element elementor-element-1a98b30 elementor-section-boxed elementor-section-height-default elementor-section-height-default\" data-id=\"1a98b30\" data-element_type=\"section\">\n\t\t\t\t\t\t<div class=\"elementor-container elementor-column-gap-default\">\n\t\t\t\t\t<div class=\"elementor-column elementor-col-100 elementor-top-column elementor-element elementor-element-1fc9b32\" data-id=\"1fc9b32\" data-element_type=\"column\">\n\t\t\t<div class=\"elementor-widget-wrap elementor-element-populated\">\n\t\t\t\t\t\t<div class=\"elementor-element elementor-element-ca6d932 elementor-widget elementor-widget-text-editor\" data-id=\"ca6d932\" data-element_type=\"widget\" data-widget_type=\"text-editor.default\">\n\t\t\t\t<div class=\"elementor-widget-container\">\n\t\t\t\t\t\t\t<div><div><p class=\"otl-paragraph\">Nos complace anunciar que <strong>Soluciones de equipamiento Elvaan<\/strong>MiMA Forklift, distribuidor exclusivo de MiMA Forklift en Canad\u00e1, asistir\u00e1 al pr\u00f3ximo <strong>Exposici\u00f3n de equipos de Alberta<\/strong> de <strong>24 y 25 de abril de 2025<\/strong>. Si trabaja en el sector de la manipulaci\u00f3n de materiales, no querr\u00e1 perderse este acontecimiento.<\/p><p class=\"otl-paragraph\">Elvaan Equipment Solutions mostrar\u00e1 sus soluciones integrales, su servicio completo y sus productos. <strong>Los innovadores modelos de carretillas elevadoras de MiMA<\/strong> en <strong>Stand C3, pabell\u00f3n C<\/strong>. Esta es su oportunidad de adquirir experiencia pr\u00e1ctica con nuestras carretillas elevadoras, conocidas por su fiabilidad, eficacia y dise\u00f1o innovador, que las hacen ideales para una gran variedad de aplicaciones industriales.<\/p><\/div><\/div>\t\t\t\t\t\t<\/div>\n\t\t\t\t<\/div>\n\t\t\t\t\t<\/div>\n\t\t<\/div>\n\t\t\t\t\t<\/div>\n\t\t<\/section>\n\t\t\t\t<section class=\"elementor-section elementor-top-section elementor-element elementor-element-6ca40ee elementor-section-boxed elementor-section-height-default elementor-section-height-default\" data-id=\"6ca40ee\" data-element_type=\"section\">\n\t\t\t\t\t\t<div class=\"elementor-container elementor-column-gap-default\">\n\t\t\t\t\t<div class=\"elementor-column elementor-col-100 elementor-top-column elementor-element elementor-element-60b5c65\" data-id=\"60b5c65\" data-element_type=\"column\">\n\t\t\t<div class=\"elementor-widget-wrap elementor-element-populated\">\n\t\t\t\t\t\t<div class=\"elementor-element elementor-element-b2620d9 elementor-widget elementor-widget-text-editor\" data-id=\"b2620d9\" data-element_type=\"widget\" data-widget_type=\"text-editor.default\">\n\t\t\t\t<div class=\"elementor-widget-container\">\n\t\t\t\t\t\t\t<div><div><h3 class=\"otl-paragraph\"><strong>Detalles del evento:<\/strong><\/h3><ul><li class=\"otl-paragraph\"><strong>Nombre de la exposici\u00f3n<\/strong>: Alberta Equipment Expo 2025<\/li><li class=\"otl-paragraph\"><strong>Fecha<\/strong>: 24 y 25 de abril de 2025<\/li><li class=\"otl-paragraph\"><strong>N\u00famero de cabina<\/strong>: C3, Pabell\u00f3n C<\/li><\/ul><\/div><\/div>\t\t\t\t\t\t<\/div>\n\t\t\t\t<\/div>\n\t\t\t\t<div class=\"elementor-element elementor-element-121dba7 elementor-widget elementor-widget-image\" data-id=\"121dba7\" data-element_type=\"widget\" data-widget_type=\"image.default\">\n\t\t\t\t<div class=\"elementor-widget-container\">\n\t\t\t\t\t\t\t\t\t\t\t\t\t<img fetchpriority=\"high\" decoding=\"async\" width=\"800\" height=\"800\" src=\"https:\/\/www.mimaforklift.com\/wp-content\/uploads\/2025\/04\/image-1-1024x1024.jpeg\" class=\"attachment-large size-large wp-image-9004\" alt=\"\" srcset=\"https:\/\/www.mimaforklift.com\/wp-content\/uploads\/2025\/04\/image-1-1024x1024.jpeg 1024w, https:\/\/www.mimaforklift.com\/wp-content\/uploads\/2025\/04\/image-1-300x300.jpeg 300w, https:\/\/www.mimaforklift.com\/wp-content\/uploads\/2025\/04\/image-1-150x150.jpeg 150w, https:\/\/www.mimaforklift.com\/wp-content\/uploads\/2025\/04\/image-1-768x768.jpeg 768w, https:\/\/www.mimaforklift.com\/wp-content\/uploads\/2025\/04\/image-1-12x12.jpeg 12w, https:\/\/www.mimaforklift.com\/wp-content\/uploads\/2025\/04\/image-1-600x600.jpeg 600w, https:\/\/www.mimaforklift.com\/wp-content\/uploads\/2025\/04\/image-1.jpeg 1200w\" sizes=\"(max-width: 800px) 100vw, 800px\" \/>\t\t\t\t\t\t\t\t\t\t\t\t\t<\/div>\n\t\t\t\t<\/div>\n\t\t\t\t\t<\/div>\n\t\t<\/div>\n\t\t\t\t\t<\/div>\n\t\t<\/section>\n\t\t\t\t<section class=\"elementor-section elementor-top-section elementor-element elementor-element-8aea06f elementor-section-boxed elementor-section-height-default elementor-section-height-default\" data-id=\"8aea06f\" data-element_type=\"section\">\n\t\t\t\t\t\t<div class=\"elementor-container elementor-column-gap-default\">\n\t\t\t\t\t<div class=\"elementor-column elementor-col-100 elementor-top-column elementor-element elementor-element-2046413\" data-id=\"2046413\" data-element_type=\"column\">\n\t\t\t<div class=\"elementor-widget-wrap elementor-element-populated\">\n\t\t\t\t\t\t<div class=\"elementor-element elementor-element-3b3e519 elementor-widget elementor-widget-text-editor\" data-id=\"3b3e519\" data-element_type=\"widget\" data-widget_type=\"text-editor.default\">\n\t\t\t\t<div class=\"elementor-widget-container\">\n\t\t\t\t\t\t\t<div><div><h3 class=\"otl-paragraph\"><strong>Productos destacados:<\/strong><\/h3><\/div><\/div>\t\t\t\t\t\t<\/div>\n\t\t\t\t<\/div>\n\t\t\t\t\t<\/div>\n\t\t<\/div>\n\t\t\t\t\t<\/div>\n\t\t<\/section>\n\t\t\t\t<section class=\"elementor-section elementor-top-section elementor-element elementor-element-9e73f7e elementor-section-boxed elementor-section-height-default elementor-section-height-default\" data-id=\"9e73f7e\" data-element_type=\"section\">\n\t\t\t\t\t\t<div class=\"elementor-container elementor-column-gap-default\">\n\t\t\t\t\t<div class=\"elementor-column elementor-col-100 elementor-top-column elementor-element elementor-element-66840bb\" data-id=\"66840bb\" data-element_type=\"column\">\n\t\t\t<div class=\"elementor-widget-wrap elementor-element-populated\">\n\t\t\t\t\t\t<section class=\"elementor-section elementor-inner-section elementor-element elementor-element-a89eed8 elementor-section-boxed elementor-section-height-default elementor-section-height-default\" data-id=\"a89eed8\" data-element_type=\"section\">\n\t\t\t\t\t\t<div class=\"elementor-container elementor-column-gap-default\">\n\t\t\t\t\t<div class=\"elementor-column elementor-col-50 elementor-inner-column elementor-element elementor-element-45f16a0\" data-id=\"45f16a0\" data-element_type=\"column\">\n\t\t\t<div class=\"elementor-widget-wrap elementor-element-populated\">\n\t\t\t\t\t\t<div class=\"elementor-element elementor-element-446139e elementor-widget elementor-widget-text-editor\" data-id=\"446139e\" data-element_type=\"widget\" data-widget_type=\"text-editor.default\">\n\t\t\t\t<div class=\"elementor-widget-container\">\n\t\t\t\t\t\t\t<div><div><a href=\"https:\/\/www.mimaforklift.com\/es\/multidirectional-forklift\/mqk30\/\"><strong>1MQK30<\/strong>: Carretilla elevadora contrapesada multidireccional<\/a>compacta pero potente<\/div><\/div>\t\t\t\t\t\t<\/div>\n\t\t\t\t<\/div>\n\t\t\t\t<div class=\"elementor-element elementor-element-0d141b1 elementor-widget elementor-widget-image\" data-id=\"0d141b1\" data-element_type=\"widget\" data-widget_type=\"image.default\">\n\t\t\t\t<div class=\"elementor-widget-container\">\n\t\t\t\t\t\t\t\t\t\t\t\t\t<img decoding=\"async\" width=\"800\" height=\"800\" src=\"https:\/\/www.mimaforklift.com\/wp-content\/uploads\/2025\/01\/MQK-4.jpg\" class=\"attachment-large size-large wp-image-8390\" alt=\"Carretilla Elevadora Contrapesada Multidireccional\" srcset=\"https:\/\/www.mimaforklift.com\/wp-content\/uploads\/2025\/01\/MQK-4.jpg 800w, https:\/\/www.mimaforklift.com\/wp-content\/uploads\/2025\/01\/MQK-4-300x300.jpg 300w, https:\/\/www.mimaforklift.com\/wp-content\/uploads\/2025\/01\/MQK-4-150x150.jpg 150w, https:\/\/www.mimaforklift.com\/wp-content\/uploads\/2025\/01\/MQK-4-768x768.jpg 768w, https:\/\/www.mimaforklift.com\/wp-content\/uploads\/2025\/01\/MQK-4-12x12.jpg 12w, https:\/\/www.mimaforklift.com\/wp-content\/uploads\/2025\/01\/MQK-4-600x600.jpg 600w\" sizes=\"(max-width: 800px) 100vw, 800px\" \/>\t\t\t\t\t\t\t\t\t\t\t\t\t<\/div>\n\t\t\t\t<\/div>\n\t\t\t\t\t<\/div>\n\t\t<\/div>\n\t\t\t\t<div class=\"elementor-column elementor-col-50 elementor-inner-column elementor-element elementor-element-8b980fa\" data-id=\"8b980fa\" data-element_type=\"column\">\n\t\t\t<div class=\"elementor-widget-wrap elementor-element-populated\">\n\t\t\t\t\t\t<div class=\"elementor-element elementor-element-d55aa98 elementor-widget elementor-widget-text-editor\" data-id=\"d55aa98\" data-element_type=\"widget\" data-widget_type=\"text-editor.default\">\n\t\t\t\t<div class=\"elementor-widget-container\">\n\t\t\t\t\t\t\t<div><div><a href=\"https:\/\/www.mimaforklift.com\/es\/electric-counterbalance-forklift\/mk15-mk40\/\"><strong>MK30<\/strong>: Carretilla elevadora contrapesada<\/a>, conocida por su rendimiento fiable en operaciones con cargas elevadas.<\/div><\/div>\t\t\t\t\t\t<\/div>\n\t\t\t\t<\/div>\n\t\t\t\t<div class=\"elementor-element elementor-element-552753a elementor-widget elementor-widget-image\" data-id=\"552753a\" data-element_type=\"widget\" data-widget_type=\"image.default\">\n\t\t\t\t<div class=\"elementor-widget-container\">\n\t\t\t\t\t\t\t\t\t\t\t\t\t<img decoding=\"async\" width=\"720\" height=\"644\" src=\"https:\/\/www.mimaforklift.com\/wp-content\/uploads\/2024\/07\/Electric-Counterbalance-Forklift-II-4.jpg\" class=\"attachment-large size-large wp-image-6297\" alt=\"Carretilla Elevadora El\u00e9ctrica Contrapesada II\" srcset=\"https:\/\/www.mimaforklift.com\/wp-content\/uploads\/2024\/07\/Electric-Counterbalance-Forklift-II-4.jpg 720w, https:\/\/www.mimaforklift.com\/wp-content\/uploads\/2024\/07\/Electric-Counterbalance-Forklift-II-4-300x268.jpg 300w, https:\/\/www.mimaforklift.com\/wp-content\/uploads\/2024\/07\/Electric-Counterbalance-Forklift-II-4-600x537.jpg 600w\" sizes=\"(max-width: 720px) 100vw, 720px\" \/>\t\t\t\t\t\t\t\t\t\t\t\t\t<\/div>\n\t\t\t\t<\/div>\n\t\t\t\t\t<\/div>\n\t\t<\/div>\n\t\t\t\t\t<\/div>\n\t\t<\/section>\n\t\t\t\t\t<\/div>\n\t\t<\/div>\n\t\t\t\t\t<\/div>\n\t\t<\/section>\n\t\t\t\t<section class=\"elementor-section elementor-top-section elementor-element elementor-element-10fffa4 elementor-section-boxed elementor-section-height-default elementor-section-height-default\" data-id=\"10fffa4\" data-element_type=\"section\">\n\t\t\t\t\t\t<div class=\"elementor-container elementor-column-gap-default\">\n\t\t\t\t\t<div class=\"elementor-column elementor-col-100 elementor-top-column elementor-element elementor-element-cb0a56b\" data-id=\"cb0a56b\" data-element_type=\"column\">\n\t\t\t<div class=\"elementor-widget-wrap elementor-element-populated\">\n\t\t\t\t\t\t<section class=\"elementor-section elementor-inner-section elementor-element elementor-element-6d1fbba elementor-section-boxed elementor-section-height-default elementor-section-height-default\" data-id=\"6d1fbba\" data-element_type=\"section\">\n\t\t\t\t\t\t<div class=\"elementor-container elementor-column-gap-default\">\n\t\t\t\t\t<div class=\"elementor-column elementor-col-50 elementor-inner-column elementor-element elementor-element-828ae1b\" data-id=\"828ae1b\" data-element_type=\"column\">\n\t\t\t<div class=\"elementor-widget-wrap elementor-element-populated\">\n\t\t\t\t\t\t<div class=\"elementor-element elementor-element-5fe4768 elementor-widget elementor-widget-text-editor\" data-id=\"5fe4768\" data-element_type=\"widget\" data-widget_type=\"text-editor.default\">\n\t\t\t\t<div class=\"elementor-widget-container\">\n\t\t\t\t\t\t\t<div><div><a href=\"https:\/\/www.mimaforklift.com\/es\/electric-counterbalance-forklift\/tkc16-tkc20\/\"><strong>TKC20<\/strong>: Carretilla elevadora contrapesada de 3 ruedas<\/a>, ofreciendo maniobrabilidad en espacios reducidos.<\/div><\/div>\t\t\t\t\t\t<\/div>\n\t\t\t\t<\/div>\n\t\t\t\t<div class=\"elementor-element elementor-element-fd65e82 elementor-widget elementor-widget-image\" data-id=\"fd65e82\" data-element_type=\"widget\" data-widget_type=\"image.default\">\n\t\t\t\t<div class=\"elementor-widget-container\">\n\t\t\t\t\t\t\t\t\t\t\t\t\t<img loading=\"lazy\" decoding=\"async\" width=\"720\" height=\"644\" src=\"https:\/\/www.mimaforklift.com\/wp-content\/uploads\/2024\/09\/3-wheel-counterbalance-forklift-TKC.jpg\" class=\"attachment-large size-large wp-image-6659\" alt=\"Carretilla elevadora contrapesada de 3 ruedas Serie TKC\" srcset=\"https:\/\/www.mimaforklift.com\/wp-content\/uploads\/2024\/09\/3-wheel-counterbalance-forklift-TKC.jpg 720w, https:\/\/www.mimaforklift.com\/wp-content\/uploads\/2024\/09\/3-wheel-counterbalance-forklift-TKC-300x268.jpg 300w, https:\/\/www.mimaforklift.com\/wp-content\/uploads\/2024\/09\/3-wheel-counterbalance-forklift-TKC-600x537.jpg 600w\" sizes=\"(max-width: 720px) 100vw, 720px\" \/>\t\t\t\t\t\t\t\t\t\t\t\t\t<\/div>\n\t\t\t\t<\/div>\n\t\t\t\t\t<\/div>\n\t\t<\/div>\n\t\t\t\t<div class=\"elementor-column elementor-col-50 elementor-inner-column elementor-element elementor-element-48fef36\" data-id=\"48fef36\" data-element_type=\"column\">\n\t\t\t<div class=\"elementor-widget-wrap elementor-element-populated\">\n\t\t\t\t\t\t<div class=\"elementor-element elementor-element-4d3891f elementor-widget elementor-widget-text-editor\" data-id=\"4d3891f\" data-element_type=\"widget\" data-widget_type=\"text-editor.default\">\n\t\t\t\t<div class=\"elementor-widget-container\">\n\t\t\t\t\t\t\t<div><div><a href=\"https:\/\/www.mimaforklift.com\/es\/narrow-aisle-forklift\/3-way-pallet-stacker-mcc12\/\" data-wplink-edit=\"true\"><strong>Serie MCC<\/strong>: Cami\u00f3n torreta<\/a>Dise\u00f1ado para ofrecer la m\u00e1xima eficiencia y capacidad de almacenamiento.<\/div><\/div>\t\t\t\t\t\t<\/div>\n\t\t\t\t<\/div>\n\t\t\t\t<div class=\"elementor-element elementor-element-2ef3358 elementor-widget elementor-widget-image\" data-id=\"2ef3358\" data-element_type=\"widget\" data-widget_type=\"image.default\">\n\t\t\t\t<div class=\"elementor-widget-container\">\n\t\t\t\t\t\t\t\t\t\t\t\t\t<img loading=\"lazy\" decoding=\"async\" width=\"720\" height=\"644\" src=\"https:\/\/www.mimaforklift.com\/wp-content\/uploads\/2025\/03\/MCC12-\u4e3b\u56fe.jpg\" class=\"attachment-large size-large wp-image-8810\" alt=\"MCC12 Cami\u00f3n con torreta elevadora\" srcset=\"https:\/\/www.mimaforklift.com\/wp-content\/uploads\/2025\/03\/MCC12-\u4e3b\u56fe.jpg 720w, https:\/\/www.mimaforklift.com\/wp-content\/uploads\/2025\/03\/MCC12-\u4e3b\u56fe-300x268.jpg 300w, https:\/\/www.mimaforklift.com\/wp-content\/uploads\/2025\/03\/MCC12-\u4e3b\u56fe-13x12.jpg 13w, https:\/\/www.mimaforklift.com\/wp-content\/uploads\/2025\/03\/MCC12-\u4e3b\u56fe-600x537.jpg 600w\" sizes=\"(max-width: 720px) 100vw, 720px\" \/>\t\t\t\t\t\t\t\t\t\t\t\t\t<\/div>\n\t\t\t\t<\/div>\n\t\t\t\t\t<\/div>\n\t\t<\/div>\n\t\t\t\t\t<\/div>\n\t\t<\/section>\n\t\t\t\t\t<\/div>\n\t\t<\/div>\n\t\t\t\t\t<\/div>\n\t\t<\/section>\n\t\t\t\t<section class=\"elementor-section elementor-top-section elementor-element elementor-element-033eaff elementor-section-boxed elementor-section-height-default elementor-section-height-default\" data-id=\"033eaff\" data-element_type=\"section\">\n\t\t\t\t\t\t<div class=\"elementor-container elementor-column-gap-default\">\n\t\t\t\t\t<div class=\"elementor-column elementor-col-100 elementor-top-column elementor-element elementor-element-f1a2d93\" data-id=\"f1a2d93\" data-element_type=\"column\">\n\t\t\t<div class=\"elementor-widget-wrap elementor-element-populated\">\n\t\t\t\t\t\t<section class=\"elementor-section elementor-inner-section elementor-element elementor-element-0d9589f elementor-section-boxed elementor-section-height-default elementor-section-height-default\" data-id=\"0d9589f\" data-element_type=\"section\">\n\t\t\t\t\t\t<div class=\"elementor-container elementor-column-gap-default\">\n\t\t\t\t\t<div class=\"elementor-column elementor-col-50 elementor-inner-column elementor-element elementor-element-49b9816\" data-id=\"49b9816\" data-element_type=\"column\">\n\t\t\t<div class=\"elementor-widget-wrap\">\n\t\t\t\t\t\t\t<\/div>\n\t\t<\/div>\n\t\t\t\t<div class=\"elementor-column elementor-col-50 elementor-inner-column elementor-element elementor-element-e9bf1cd\" data-id=\"e9bf1cd\" data-element_type=\"column\">\n\t\t\t<div class=\"elementor-widget-wrap elementor-element-populated\">\n\t\t\t\t\t\t<div class=\"elementor-element elementor-element-cac9b1d elementor-widget elementor-widget-text-editor\" data-id=\"cac9b1d\" data-element_type=\"widget\" data-widget_type=\"text-editor.default\">\n\t\t\t\t<div class=\"elementor-widget-container\">\n\t\t\t\t\t\t\t<div><div><a href=\"https:\/\/www.mimaforklift.com\/es\/reach-truck\/mfe14\/\"><strong>Serie MFE<\/strong>: Carretilla retr\u00e1ctil de tijera simple\/doble<\/a><\/div><\/div>\t\t\t\t\t\t<\/div>\n\t\t\t\t<\/div>\n\t\t\t\t<div class=\"elementor-element elementor-element-a4a4068 elementor-widget elementor-widget-image\" data-id=\"a4a4068\" data-element_type=\"widget\" data-widget_type=\"image.default\">\n\t\t\t\t<div class=\"elementor-widget-container\">\n\t\t\t\t\t\t\t\t\t\t\t\t\t<img loading=\"lazy\" decoding=\"async\" width=\"720\" height=\"450\" src=\"https:\/\/www.mimaforklift.com\/wp-content\/uploads\/2024\/07\/MFE14-9.jpg\" class=\"attachment-large size-large wp-image-4502\" alt=\"Carretilla retr\u00e1ctil de tijera con doble fondo\" srcset=\"https:\/\/www.mimaforklift.com\/wp-content\/uploads\/2024\/07\/MFE14-9.jpg 720w, https:\/\/www.mimaforklift.com\/wp-content\/uploads\/2024\/07\/MFE14-9-300x188.jpg 300w, https:\/\/www.mimaforklift.com\/wp-content\/uploads\/2024\/07\/MFE14-9-600x375.jpg 600w\" sizes=\"(max-width: 720px) 100vw, 720px\" \/>\t\t\t\t\t\t\t\t\t\t\t\t\t<\/div>\n\t\t\t\t<\/div>\n\t\t\t\t\t<\/div>\n\t\t<\/div>\n\t\t\t\t\t<\/div>\n\t\t<\/section>\n\t\t\t\t\t<\/div>\n\t\t<\/div>\n\t\t\t\t\t<\/div>\n\t\t<\/section>\n\t\t\t\t<section class=\"elementor-section elementor-top-section elementor-element elementor-element-a75d470 elementor-section-boxed elementor-section-height-default elementor-section-height-default\" data-id=\"a75d470\" data-element_type=\"section\">\n\t\t\t\t\t\t<div class=\"elementor-container elementor-column-gap-default\">\n\t\t\t\t\t<div class=\"elementor-column elementor-col-100 elementor-top-column elementor-element elementor-element-20b70c0\" data-id=\"20b70c0\" data-element_type=\"column\">\n\t\t\t<div class=\"elementor-widget-wrap elementor-element-populated\">\n\t\t\t\t\t\t<div class=\"elementor-element elementor-element-9b97996 elementor-widget elementor-widget-text-editor\" data-id=\"9b97996\" data-element_type=\"widget\" data-widget_type=\"text-editor.default\">\n\t\t\t\t<div class=\"elementor-widget-container\">\n\t\t\t\t\t\t\t<div><div><p class=\"otl-paragraph\">Tanto si busca una carretilla elevadora vers\u00e1til para manipular cargas pesadas como un modelo compacto para espacios reducidos, <strong>Soluciones de equipamiento Elvaan<\/strong> tiene las carretillas elevadoras adecuadas para usted. Su equipo de expertos estar\u00e1 a su disposici\u00f3n para proporcionarle informaci\u00f3n detallada sobre las caracter\u00edsticas y ventajas de cada modelo, ofreci\u00e9ndole soluciones fiables para cada necesidad empresarial.<\/p><p class=\"otl-paragraph\">Visite Elvaan Equipment Solutions en el stand C3, pabell\u00f3n C, durante la Alberta Equipment Expo 2025. \u00a1Su equipo profesional espera verle all\u00ed!<\/p><p class=\"otl-paragraph\">Haga clic aqu\u00ed para inscribirse: <a href=\"https:\/\/secure.mpltd.ca\/AEE\/\">https:\/\/secure.mpltd.ca\/AEE\/<\/a><\/p><\/div><\/div>\t\t\t\t\t\t<\/div>\n\t\t\t\t<\/div>\n\t\t\t\t\t<\/div>\n\t\t<\/div>\n\t\t\t\t\t<\/div>\n\t\t<\/section>\n\t\t\t\t<\/div>","protected":false},"excerpt":{"rendered":"<p>Nos complace anunciar que Elvaan Equipment Solutions, el distribuidor exclusivo de MiMA Forklift en Canad\u00e1, asistir\u00e1 a la pr\u00f3xima Alberta Equipment Expo del 24 al 25 de abril de 2025. Si usted est\u00e1 en la industria de manejo de materiales, \u00a1este es un evento que no querr\u00e1 perderse! Elvaan Equipment Solutions exhibir\u00e1 sus soluciones completas, [...]<\/p>","protected":false},"author":5,"featured_media":9002,"comment_status":"open","ping_status":"open","sticky":false,"template":"","format":"standard","meta":{"_acf_changed":false,"_seopress_robots_primary_cat":"none","_seopress_titles_title":"","_seopress_titles_desc":"","_seopress_robots_index":"","footnotes":""},"categories":[74],"tags":[],"class_list":["post-8999","post","type-post","status-publish","format-standard","has-post-thumbnail","hentry","category-case-study"],"acf":[],"_links":{"self":[{"href":"https:\/\/www.mimaforklift.com\/es\/wp-json\/wp\/v2\/posts\/8999","targetHints":{"allow":["GET"]}}],"collection":[{"href":"https:\/\/www.mimaforklift.com\/es\/wp-json\/wp\/v2\/posts"}],"about":[{"href":"https:\/\/www.mimaforklift.com\/es\/wp-json\/wp\/v2\/types\/post"}],"author":[{"embeddable":true,"href":"https:\/\/www.mimaforklift.com\/es\/wp-json\/wp\/v2\/users\/5"}],"replies":[{"embeddable":true,"href":"https:\/\/www.mimaforklift.com\/es\/wp-json\/wp\/v2\/comments?post=8999"}],"version-history":[{"count":0,"href":"https:\/\/www.mimaforklift.com\/es\/wp-json\/wp\/v2\/posts\/8999\/revisions"}],"wp:featuredmedia":[{"embeddable":true,"href":"https:\/\/www.mimaforklift.com\/es\/wp-json\/wp\/v2\/media\/9002"}],"wp:attachment":[{"href":"https:\/\/www.mimaforklift.com\/es\/wp-json\/wp\/v2\/media?parent=8999"}],"wp:term":[{"taxonomy":"category","embeddable":true,"href":"https:\/\/www.mimaforklift.com\/es\/wp-json\/wp\/v2\/categories?post=8999"},{"taxonomy":"post_tag","embeddable":true,"href":"https:\/\/www.mimaforklift.com\/es\/wp-json\/wp\/v2\/tags?post=8999"}],"curies":[{"name":"wp","href":"https:\/\/api.w.org\/{rel}","templated":true}]}}