{"id":7827,"date":"2024-10-25T02:15:13","date_gmt":"2024-10-25T02:15:13","guid":{"rendered":"https:\/\/www.mimaforklift.com\/?p=7827"},"modified":"2024-10-25T07:18:32","modified_gmt":"2024-10-25T07:18:32","slug":"mima-forklift-team-exhibits-at-logis-tech-tokyo-2024","status":"publish","type":"post","link":"https:\/\/www.mimaforklift.com\/es\/mima-forklift-team-exhibits-at-logis-tech-tokyo-2024\/","title":{"rendered":"El equipo de carretillas elevadoras de MiMA expone en LOGIS-TECH TOKYO 2024"},"content":{"rendered":"<div data-elementor-type=\"wp-post\" data-elementor-id=\"7827\" class=\"elementor elementor-7827\" data-elementor-post-type=\"post\">\n\t\t\t\t\t\t<section class=\"elementor-section elementor-top-section elementor-element elementor-element-6f5fe1d elementor-section-boxed elementor-section-height-default elementor-section-height-default\" data-id=\"6f5fe1d\" data-element_type=\"section\">\n\t\t\t\t\t\t<div class=\"elementor-container elementor-column-gap-default\">\n\t\t\t\t\t<div class=\"elementor-column elementor-col-100 elementor-top-column elementor-element elementor-element-05d709f\" data-id=\"05d709f\" data-element_type=\"column\">\n\t\t\t<div class=\"elementor-widget-wrap elementor-element-populated\">\n\t\t\t\t\t\t<div class=\"elementor-element elementor-element-27d3859 elementor-widget elementor-widget-text-editor\" data-id=\"27d3859\" data-element_type=\"widget\" data-widget_type=\"text-editor.default\">\n\t\t\t\t<div class=\"elementor-widget-container\">\n\t\t\t\t\t\t\t<div data-page-id=\"VxPpdp37oo0dM6x7BR2c2Yh6nAf\" data-lark-html-role=\"root\" data-docx-has-block-data=\"false\"><div class=\"ace-line ace-line old-record-id-UKyZdG6RkoyWEaxigeKcjitNnbg\"><strong>Tokio, Jap\u00f3n<\/strong>: Del 10 al 13 de septiembre, la carretilla elevadora MiMA se expuso en LOGIS-TECH TOKYO 2024, un gran evento para la manipulaci\u00f3n de materiales en Jap\u00f3n. Celebrada en el Tokyo Big Sight East Hall 1, reuni\u00f3 a fabricantes de carretillas elevadoras y profesionales de la log\u00edstica de todo el mundo. En el stand n.\u00ba 703, el equipo de MiMA Forklift mostr\u00f3 con orgullo nuestras carretillas elevadoras mejoradas, incluidos modelos especialmente dise\u00f1ados para los mercados japon\u00e9s y coreano.<\/div><div class=\"ace-line ace-line old-record-id-UKyZdG6RkoyWEaxigeKcjitNnbg\">\u00a0<\/div><\/div>\t\t\t\t\t\t<\/div>\n\t\t\t\t<\/div>\n\t\t\t\t\t<\/div>\n\t\t<\/div>\n\t\t\t\t\t<\/div>\n\t\t<\/section>\n\t\t\t\t<section class=\"elementor-section elementor-top-section elementor-element elementor-element-513d630 elementor-section-boxed elementor-section-height-default elementor-section-height-default\" data-id=\"513d630\" data-element_type=\"section\">\n\t\t\t\t\t\t<div class=\"elementor-container elementor-column-gap-default\">\n\t\t\t\t\t<div class=\"elementor-column elementor-col-100 elementor-top-column elementor-element elementor-element-c98dcd7\" data-id=\"c98dcd7\" data-element_type=\"column\">\n\t\t\t<div class=\"elementor-widget-wrap elementor-element-populated\">\n\t\t\t\t\t\t<div class=\"elementor-element elementor-element-479c245 elementor-widget elementor-widget-image\" data-id=\"479c245\" data-element_type=\"widget\" data-widget_type=\"image.default\">\n\t\t\t\t<div class=\"elementor-widget-container\">\n\t\t\t\t\t\t\t\t\t\t\t\t\t<img fetchpriority=\"high\" decoding=\"async\" width=\"300\" height=\"169\" src=\"https:\/\/www.mimaforklift.com\/wp-content\/uploads\/2024\/10\/\u65e5\u672c\u5c55\u4f1a\u9080\u8bf7\u6d77\u62a5-300x169.jpg\" class=\"attachment-medium size-medium wp-image-7838\" alt=\"\" srcset=\"https:\/\/www.mimaforklift.com\/wp-content\/uploads\/2024\/10\/\u65e5\u672c\u5c55\u4f1a\u9080\u8bf7\u6d77\u62a5-300x169.jpg 300w, https:\/\/www.mimaforklift.com\/wp-content\/uploads\/2024\/10\/\u65e5\u672c\u5c55\u4f1a\u9080\u8bf7\u6d77\u62a5-1024x576.jpg 1024w, https:\/\/www.mimaforklift.com\/wp-content\/uploads\/2024\/10\/\u65e5\u672c\u5c55\u4f1a\u9080\u8bf7\u6d77\u62a5-768x432.jpg 768w, https:\/\/www.mimaforklift.com\/wp-content\/uploads\/2024\/10\/\u65e5\u672c\u5c55\u4f1a\u9080\u8bf7\u6d77\u62a5-1536x864.jpg 1536w, https:\/\/www.mimaforklift.com\/wp-content\/uploads\/2024\/10\/\u65e5\u672c\u5c55\u4f1a\u9080\u8bf7\u6d77\u62a5-600x338.jpg 600w, https:\/\/www.mimaforklift.com\/wp-content\/uploads\/2024\/10\/\u65e5\u672c\u5c55\u4f1a\u9080\u8bf7\u6d77\u62a5.jpg 1920w\" sizes=\"(max-width: 300px) 100vw, 300px\" \/>\t\t\t\t\t\t\t\t\t\t\t\t\t<\/div>\n\t\t\t\t<\/div>\n\t\t\t\t\t<\/div>\n\t\t<\/div>\n\t\t\t\t\t<\/div>\n\t\t<\/section>\n\t\t\t\t<section class=\"elementor-section elementor-top-section elementor-element elementor-element-d9bdf41 elementor-section-boxed elementor-section-height-default elementor-section-height-default\" data-id=\"d9bdf41\" data-element_type=\"section\">\n\t\t\t\t\t\t<div class=\"elementor-container elementor-column-gap-default\">\n\t\t\t\t\t<div class=\"elementor-column elementor-col-100 elementor-top-column elementor-element elementor-element-15a9579\" data-id=\"15a9579\" data-element_type=\"column\">\n\t\t\t<div class=\"elementor-widget-wrap elementor-element-populated\">\n\t\t\t\t\t\t<div class=\"elementor-element elementor-element-e319163 elementor-widget elementor-widget-text-editor\" data-id=\"e319163\" data-element_type=\"widget\" data-widget_type=\"text-editor.default\">\n\t\t\t\t<div class=\"elementor-widget-container\">\n\t\t\t\t\t\t\t<div data-page-id=\"VxPpdp37oo0dM6x7BR2c2Yh6nAf\" data-lark-html-role=\"root\" data-docx-has-block-data=\"false\"><h3 class=\"ace-line ace-line old-record-id-TOuZdBH5To8SfCxBYLacrTEQnbp\"><strong>Presentaci\u00f3n de nuevos productos:<\/strong><\/h3><div class=\"ace-line ace-line old-record-id-VKQSdizzqos1l9xUwYZc6ODjnHe\">En LOGIS-TECH TOKYO 2024, expusimos 4 unidades diferentes de la l\u00ednea completa de equipos de manipulaci\u00f3n de materiales de MiMA. Esto incluy\u00f3:<\/div><ul class=\"list-bullet1\"><li class=\"ace-line ace-line old-record-id-OWEvd1DJooYHnLxAr7wcsJTBn4g\" data-list=\"bullet\"><div><a href=\"https:\/\/www.mimaforklift.com\/es\/narrow-aisle-forklift\/man-up-turret-truck-mcc16u\/\"><strong>MCC16-33: Cami\u00f3n torreta<\/strong><\/a> La MCC16, con una altura de elevaci\u00f3n de hasta 7,5 metros, est\u00e1 dise\u00f1ada para una manipulaci\u00f3n precisa y eficiente en VNA. Equipada con un motor de 80 V CA sin mantenimiento y horquillas giratorias de 180 grados, permite apilar y hacer picking sin problemas, lo que la convierte en la opci\u00f3n ideal para entornos de almac\u00e9n modernos y de alta densidad.<\/div><\/li><li class=\"ace-line ace-line old-record-id-Jfcbd1Vdhot33jxju4McADYpn3d\" data-list=\"bullet\"><div><a href=\"https:\/\/www.mimaforklift.com\/es\/narrow-aisle-forklift\/stand-on-3-way-pallet-stacker-mc12-mc16\/\"><strong>MC08-40: Apilador de pal\u00e9s de 3 v\u00edas<\/strong><\/a> Conocida por su dise\u00f1o compacto y su versatilidad, la MC08 puede elevar mercanc\u00edas hasta 6 metros. Su direcci\u00f3n asistida el\u00e9ctricamente y su desplazamiento lateral permiten manipular pal\u00e9s f\u00e1cilmente sin necesidad de girar el veh\u00edculo, por lo que es ideal para aplicaciones de VNA en <em><strong>los mercados japon\u00e9s y coreano.<\/strong><\/em><\/div><\/li><li class=\"ace-line ace-line old-record-id-RKwsdbiWCovrpIx8VvUckV0knpc\" data-list=\"bullet\"><div><a href=\"https:\/\/www.mimaforklift.com\/es\/multidirectional-forklift\/mqk30\/\"><strong>MQK30-46: Carretilla elevadora multidireccional de contrapeso<\/strong><\/a> Este modelo recientemente redise\u00f1ado viene con un asiento centrado para un mejor equilibrio, un cuerpo m\u00e1s estrecho para mejorar la maniobrabilidad y una v\u00e1lvula proporcional sensible a la carga para un funcionamiento hidr\u00e1ulico suave. Su tama\u00f1o compacto y dise\u00f1o actualizado la hacen ideal para manipular <em><strong>materiales largos en espacios reducidos.<\/strong><\/em><\/div><\/li><li class=\"ace-line ace-line old-record-id-Rl1VdZ6Rdo2sGsxjet5c3ozWnFf\" data-list=\"bullet\"><div><a href=\"https:\/\/www.mimaforklift.com\/es\/reach-truck\/mf12-mf30\/\"><strong>MF15-45: Carretilla retr\u00e1ctil el\u00e9ctrica<\/strong><\/a> La MF15, con un motor de elevaci\u00f3n m\u00e1s potente de 8,6 kW y un cargador integrado, mostr\u00f3 los avances de MiMA en soluciones compactas pero robustas. Con ventiladores de refrigeraci\u00f3n a\u00f1adidos y un eje oscilante redise\u00f1ado con lubricaci\u00f3n integrada, este modelo hace hincapi\u00e9 en la durabilidad y el rendimiento.<\/div><\/li><\/ul><div>\u00a0<\/div><\/div>\t\t\t\t\t\t<\/div>\n\t\t\t\t<\/div>\n\t\t\t\t\t<\/div>\n\t\t<\/div>\n\t\t\t\t\t<\/div>\n\t\t<\/section>\n\t\t\t\t<section class=\"elementor-section elementor-top-section elementor-element elementor-element-34c6847 elementor-section-boxed elementor-section-height-default elementor-section-height-default\" data-id=\"34c6847\" data-element_type=\"section\">\n\t\t\t\t\t\t<div class=\"elementor-container elementor-column-gap-default\">\n\t\t\t\t\t<div class=\"elementor-column elementor-col-100 elementor-top-column elementor-element elementor-element-5980300\" data-id=\"5980300\" data-element_type=\"column\">\n\t\t\t<div class=\"elementor-widget-wrap elementor-element-populated\">\n\t\t\t\t\t\t<div class=\"elementor-element elementor-element-f7b8015 elementor-widget elementor-widget-image\" data-id=\"f7b8015\" data-element_type=\"widget\" data-widget_type=\"image.default\">\n\t\t\t\t<div class=\"elementor-widget-container\">\n\t\t\t\t\t\t\t\t\t\t\t\t\t<img decoding=\"async\" width=\"300\" height=\"225\" src=\"https:\/\/www.mimaforklift.com\/wp-content\/uploads\/2024\/10\/\u65e5\u672c\u5c55\u4f1a2-300x225.jpg\" class=\"attachment-medium size-medium wp-image-7833\" alt=\"\" srcset=\"https:\/\/www.mimaforklift.com\/wp-content\/uploads\/2024\/10\/\u65e5\u672c\u5c55\u4f1a2-300x225.jpg 300w, https:\/\/www.mimaforklift.com\/wp-content\/uploads\/2024\/10\/\u65e5\u672c\u5c55\u4f1a2-1024x768.jpg 1024w, https:\/\/www.mimaforklift.com\/wp-content\/uploads\/2024\/10\/\u65e5\u672c\u5c55\u4f1a2-768x576.jpg 768w, https:\/\/www.mimaforklift.com\/wp-content\/uploads\/2024\/10\/\u65e5\u672c\u5c55\u4f1a2-1536x1152.jpg 1536w, https:\/\/www.mimaforklift.com\/wp-content\/uploads\/2024\/10\/\u65e5\u672c\u5c55\u4f1a2-2048x1536.jpg 2048w, https:\/\/www.mimaforklift.com\/wp-content\/uploads\/2024\/10\/\u65e5\u672c\u5c55\u4f1a2-600x450.jpg 600w\" sizes=\"(max-width: 300px) 100vw, 300px\" \/>\t\t\t\t\t\t\t\t\t\t\t\t\t<\/div>\n\t\t\t\t<\/div>\n\t\t\t\t\t<\/div>\n\t\t<\/div>\n\t\t\t\t\t<\/div>\n\t\t<\/section>\n\t\t\t\t<section class=\"elementor-section elementor-top-section elementor-element elementor-element-293f1d5 elementor-section-boxed elementor-section-height-default elementor-section-height-default\" data-id=\"293f1d5\" data-element_type=\"section\">\n\t\t\t\t\t\t<div class=\"elementor-container elementor-column-gap-default\">\n\t\t\t\t\t<div class=\"elementor-column elementor-col-100 elementor-top-column elementor-element elementor-element-519c89d\" data-id=\"519c89d\" data-element_type=\"column\">\n\t\t\t<div class=\"elementor-widget-wrap elementor-element-populated\">\n\t\t\t\t\t\t<div class=\"elementor-element elementor-element-1f1cd72 elementor-widget elementor-widget-text-editor\" data-id=\"1f1cd72\" data-element_type=\"widget\" data-widget_type=\"text-editor.default\">\n\t\t\t\t<div class=\"elementor-widget-container\">\n\t\t\t\t\t\t\t<div data-page-id=\"VxPpdp37oo0dM6x7BR2c2Yh6nAf\" data-lark-html-role=\"root\" data-docx-has-block-data=\"false\"><h3 class=\"ace-line ace-line old-record-id-VOa4dL31xoXpdaxQYojchrCrnXb\"><strong>Expositores y visitantes elogian la actuaci\u00f3n de MiMA<\/strong><\/h3><div class=\"ace-line ace-line old-record-id-RmkKdj3qKoRYhxx0rY9cc3Lpnpd\">Los asistentes quedaron especialmente impresionados por la eficiencia, precisi\u00f3n e innovaci\u00f3n tecnol\u00f3gica de las carretillas elevadoras de MiMA. Un visitante de una importante empresa de log\u00edstica coment\u00f3: <em>\"Las soluciones de MiMA son exactamente lo que necesitamos para optimizar nuestras operaciones en pasillos estrechos. Las horquillas giratorias y la gran capacidad de elevaci\u00f3n de la MCC16 ampliar\u00e1n significativamente la capacidad de nuestro almac\u00e9n.\"<\/em><\/div><div class=\"ace-line ace-line old-record-id-RmkKdj3qKoRYhxx0rY9cc3Lpnpd\"><em>\u00a0<\/em><\/div><div class=\"ace-line ace-line old-record-id-KxTBduofFouMgqxD0iVcOxGJnbe\">MiMA tambi\u00e9n ofreci\u00f3 demostraciones en directo, lo que permiti\u00f3 a los visitantes comprobar de primera mano el rendimiento de las carretillas elevadoras. Los asistentes pudieron experimentar el buen funcionamiento de las carretillas retr\u00e1ctiles y los apiladores de MiMA, que destacaron su precisi\u00f3n, velocidad y facilidad de uso.<\/div><div class=\"ace-line ace-line old-record-id-KxTBduofFouMgqxD0iVcOxGJnbe\">\u00a0<\/div><\/div>\t\t\t\t\t\t<\/div>\n\t\t\t\t<\/div>\n\t\t\t\t\t<\/div>\n\t\t<\/div>\n\t\t\t\t\t<\/div>\n\t\t<\/section>\n\t\t\t\t<section class=\"elementor-section elementor-top-section elementor-element elementor-element-fb7bd49 elementor-section-boxed elementor-section-height-default elementor-section-height-default\" data-id=\"fb7bd49\" data-element_type=\"section\">\n\t\t\t\t\t\t<div class=\"elementor-container elementor-column-gap-default\">\n\t\t\t\t\t<div class=\"elementor-column elementor-col-100 elementor-top-column elementor-element elementor-element-01f47c8\" data-id=\"01f47c8\" data-element_type=\"column\">\n\t\t\t<div class=\"elementor-widget-wrap elementor-element-populated\">\n\t\t\t\t\t\t<div class=\"elementor-element elementor-element-8b82b19 elementor-widget elementor-widget-image\" data-id=\"8b82b19\" data-element_type=\"widget\" data-widget_type=\"image.default\">\n\t\t\t\t<div class=\"elementor-widget-container\">\n\t\t\t\t\t\t\t\t\t\t\t\t\t<img decoding=\"async\" width=\"300\" height=\"225\" src=\"https:\/\/www.mimaforklift.com\/wp-content\/uploads\/2024\/10\/\u65e5\u672c\u5c55\u4f1a6-300x225.jpg\" class=\"attachment-medium size-medium wp-image-7830\" alt=\"\" srcset=\"https:\/\/www.mimaforklift.com\/wp-content\/uploads\/2024\/10\/\u65e5\u672c\u5c55\u4f1a6-300x225.jpg 300w, https:\/\/www.mimaforklift.com\/wp-content\/uploads\/2024\/10\/\u65e5\u672c\u5c55\u4f1a6-1024x768.jpg 1024w, https:\/\/www.mimaforklift.com\/wp-content\/uploads\/2024\/10\/\u65e5\u672c\u5c55\u4f1a6-768x576.jpg 768w, https:\/\/www.mimaforklift.com\/wp-content\/uploads\/2024\/10\/\u65e5\u672c\u5c55\u4f1a6-1536x1152.jpg 1536w, https:\/\/www.mimaforklift.com\/wp-content\/uploads\/2024\/10\/\u65e5\u672c\u5c55\u4f1a6-2048x1536.jpg 2048w, https:\/\/www.mimaforklift.com\/wp-content\/uploads\/2024\/10\/\u65e5\u672c\u5c55\u4f1a6-600x450.jpg 600w\" sizes=\"(max-width: 300px) 100vw, 300px\" \/>\t\t\t\t\t\t\t\t\t\t\t\t\t<\/div>\n\t\t\t\t<\/div>\n\t\t\t\t\t<\/div>\n\t\t<\/div>\n\t\t\t\t\t<\/div>\n\t\t<\/section>\n\t\t\t\t<section class=\"elementor-section elementor-top-section elementor-element elementor-element-37d3b3a elementor-section-boxed elementor-section-height-default elementor-section-height-default\" data-id=\"37d3b3a\" data-element_type=\"section\">\n\t\t\t\t\t\t<div class=\"elementor-container elementor-column-gap-default\">\n\t\t\t\t\t<div class=\"elementor-column elementor-col-100 elementor-top-column elementor-element elementor-element-cbfe525\" data-id=\"cbfe525\" data-element_type=\"column\">\n\t\t\t<div class=\"elementor-widget-wrap elementor-element-populated\">\n\t\t\t\t\t\t<div class=\"elementor-element elementor-element-2f325bc elementor-widget elementor-widget-text-editor\" data-id=\"2f325bc\" data-element_type=\"widget\" data-widget_type=\"text-editor.default\">\n\t\t\t\t<div class=\"elementor-widget-container\">\n\t\t\t\t\t\t\t<div data-page-id=\"VxPpdp37oo0dM6x7BR2c2Yh6nAf\" data-lark-html-role=\"root\" data-docx-has-block-data=\"false\"><h3 class=\"ace-line ace-line old-record-id-S5c4dnPtPoOadxxakpOczKsRnYd\"><strong>De cara al futuro <\/strong><strong>Cooperaci\u00f3n<\/strong><\/h3><div class=\"ace-line ace-line old-record-id-WGXRd8jWloiaiExrduvc4Np4nKz\">Con el gran inter\u00e9s generado en el evento, MiMA espera continuar su expansi\u00f3n en los mercados japon\u00e9s y asi\u00e1tico en general. La pr\u00f3xima vez que MiMA Forklift presente sus productos ser\u00e1 en <strong>Log\u00edstica Next 2024<\/strong>que se celebrar\u00e1 en Utrecht (Pa\u00edses Bajos) del 5 al 7 de noviembre de 2024.<\/div><div class=\"ace-line ace-line old-record-id-DrDrdA4ISofjTqxCOhBckhRLnKg\">\u00a0<\/div><div class=\"ace-line ace-line old-record-id-PG6PdQVuhoBV0rxJ6BTcLWVln6a\"><strong>P\u00f3ngase en contacto con nosotros<\/strong>: Para m\u00e1s informaci\u00f3n, p\u00f3ngase en contacto con nosotros en el +86-123-4567 o <a href=\"mailto:sales@mimachina.com\" data-lark-is-custom=\"true\">sales@mimachina.com<\/a><\/div><\/div>\t\t\t\t\t\t<\/div>\n\t\t\t\t<\/div>\n\t\t\t\t<div class=\"elementor-element elementor-element-5430534 elementor-widget elementor-widget-image\" data-id=\"5430534\" data-element_type=\"widget\" data-widget_type=\"image.default\">\n\t\t\t\t<div class=\"elementor-widget-container\">\n\t\t\t\t\t\t\t\t\t\t\t\t\t<img loading=\"lazy\" decoding=\"async\" width=\"300\" height=\"225\" src=\"https:\/\/www.mimaforklift.com\/wp-content\/uploads\/2024\/10\/\u65e5\u672c\u5c55\u4f1a44-scaled-e1739173543781-300x225.jpg\" class=\"attachment-medium size-medium wp-image-7831\" alt=\"logis-tech Tokio pic\" srcset=\"https:\/\/www.mimaforklift.com\/wp-content\/uploads\/2024\/10\/\u65e5\u672c\u5c55\u4f1a44-scaled-e1739173543781-300x225.jpg 300w, https:\/\/www.mimaforklift.com\/wp-content\/uploads\/2024\/10\/\u65e5\u672c\u5c55\u4f1a44-scaled-e1739173543781-1024x768.jpg 1024w, https:\/\/www.mimaforklift.com\/wp-content\/uploads\/2024\/10\/\u65e5\u672c\u5c55\u4f1a44-scaled-e1739173543781-768x576.jpg 768w, https:\/\/www.mimaforklift.com\/wp-content\/uploads\/2024\/10\/\u65e5\u672c\u5c55\u4f1a44-scaled-e1739173543781-1536x1152.jpg 1536w, https:\/\/www.mimaforklift.com\/wp-content\/uploads\/2024\/10\/\u65e5\u672c\u5c55\u4f1a44-scaled-e1739173543781-2048x1536.jpg 2048w, https:\/\/www.mimaforklift.com\/wp-content\/uploads\/2024\/10\/\u65e5\u672c\u5c55\u4f1a44-scaled-e1739173543781-600x450.jpg 600w, https:\/\/www.mimaforklift.com\/wp-content\/uploads\/2024\/10\/\u65e5\u672c\u5c55\u4f1a44-scaled-e1739173543781-16x12.jpg 16w\" sizes=\"(max-width: 300px) 100vw, 300px\" \/>\t\t\t\t\t\t\t\t\t\t\t\t\t<\/div>\n\t\t\t\t<\/div>\n\t\t\t\t\t<\/div>\n\t\t<\/div>\n\t\t\t\t\t<\/div>\n\t\t<\/section>\n\t\t\t\t<\/div>","protected":false},"excerpt":{"rendered":"<p>Tokio, Jap\u00f3n: Del 10 al 13 de septiembre, la carretilla elevadora MiMA se expuso en LOGIS-TECH TOKYO 2024, un gran evento para la manipulaci\u00f3n de materiales en Jap\u00f3n. Celebrada en el Tokyo Big Sight East Hall 1, reuni\u00f3 a fabricantes de carretillas elevadoras y profesionales de la log\u00edstica de todo el mundo. En el stand n.\u00ba 703, el equipo de MiMA Forklift mostr\u00f3 con orgullo [...]<\/p>","protected":false},"author":5,"featured_media":7835,"comment_status":"open","ping_status":"open","sticky":false,"template":"","format":"standard","meta":{"_acf_changed":false,"_seopress_robots_primary_cat":"none","_seopress_titles_title":"","_seopress_titles_desc":"","_seopress_robots_index":"","footnotes":""},"categories":[75],"tags":[],"class_list":["post-7827","post","type-post","status-publish","format-standard","has-post-thumbnail","hentry","category-trade-show"],"acf":[],"_links":{"self":[{"href":"https:\/\/www.mimaforklift.com\/es\/wp-json\/wp\/v2\/posts\/7827","targetHints":{"allow":["GET"]}}],"collection":[{"href":"https:\/\/www.mimaforklift.com\/es\/wp-json\/wp\/v2\/posts"}],"about":[{"href":"https:\/\/www.mimaforklift.com\/es\/wp-json\/wp\/v2\/types\/post"}],"author":[{"embeddable":true,"href":"https:\/\/www.mimaforklift.com\/es\/wp-json\/wp\/v2\/users\/5"}],"replies":[{"embeddable":true,"href":"https:\/\/www.mimaforklift.com\/es\/wp-json\/wp\/v2\/comments?post=7827"}],"version-history":[{"count":0,"href":"https:\/\/www.mimaforklift.com\/es\/wp-json\/wp\/v2\/posts\/7827\/revisions"}],"wp:featuredmedia":[{"embeddable":true,"href":"https:\/\/www.mimaforklift.com\/es\/wp-json\/wp\/v2\/media\/7835"}],"wp:attachment":[{"href":"https:\/\/www.mimaforklift.com\/es\/wp-json\/wp\/v2\/media?parent=7827"}],"wp:term":[{"taxonomy":"category","embeddable":true,"href":"https:\/\/www.mimaforklift.com\/es\/wp-json\/wp\/v2\/categories?post=7827"},{"taxonomy":"post_tag","embeddable":true,"href":"https:\/\/www.mimaforklift.com\/es\/wp-json\/wp\/v2\/tags?post=7827"}],"curies":[{"name":"wp","href":"https:\/\/api.w.org\/{rel}","templated":true}]}}