{"id":8999,"date":"2025-04-15T06:24:32","date_gmt":"2025-04-15T06:24:32","guid":{"rendered":"https:\/\/www.mimaforklift.com\/?p=8999"},"modified":"2025-05-13T05:51:20","modified_gmt":"2025-05-13T05:51:20","slug":"elvaan-equipment-solutions-mima-forklifts-partner-to-shine-at-alberta-equipment-expo-2025","status":"publish","type":"post","link":"https:\/\/www.mimaforklift.com\/de\/elvaan-equipment-solutions-mima-forklifts-partner-to-shine-at-alberta-equipment-expo-2025\/","title":{"rendered":"Elvaan Equipment Solutions, Partner von MiMA Forklift, wird auf der Alberta Equipment Expo 2025 gl\u00e4nzen!"},"content":{"rendered":"<div data-elementor-type=\"wp-post\" data-elementor-id=\"8999\" class=\"elementor elementor-8999\" data-elementor-post-type=\"post\">\n\t\t\t\t\t\t<section class=\"elementor-section elementor-top-section elementor-element elementor-element-1a98b30 elementor-section-boxed elementor-section-height-default elementor-section-height-default\" data-id=\"1a98b30\" data-element_type=\"section\">\n\t\t\t\t\t\t<div class=\"elementor-container elementor-column-gap-default\">\n\t\t\t\t\t<div class=\"elementor-column elementor-col-100 elementor-top-column elementor-element elementor-element-1fc9b32\" data-id=\"1fc9b32\" data-element_type=\"column\">\n\t\t\t<div class=\"elementor-widget-wrap elementor-element-populated\">\n\t\t\t\t\t\t<div class=\"elementor-element elementor-element-ca6d932 elementor-widget elementor-widget-text-editor\" data-id=\"ca6d932\" data-element_type=\"widget\" data-widget_type=\"text-editor.default\">\n\t\t\t\t<div class=\"elementor-widget-container\">\n\t\t\t\t\t\t\t<div><div><p class=\"otl-paragraph\">Wir freuen uns, Ihnen mitteilen zu k\u00f6nnen, dass <strong>Elvaan Ausr\u00fcstungsl\u00f6sungen<\/strong>der exklusive H\u00e4ndler von MiMA Forklift in Kanada, wird an der kommenden <strong>Alberta-Ausr\u00fcstungsausstellung<\/strong> von <strong>24-25. April 2025<\/strong>. Wenn Sie in der Materialtransportbranche t\u00e4tig sind, sollten Sie diese Veranstaltung nicht verpassen!<\/p><p class=\"otl-paragraph\">Elvaan Equipment Solutions wird seine abgerundeten L\u00f6sungen, seinen umfassenden Service und seine <strong>Die innovativen Gabelstaplermodelle von MiMA<\/strong> unter <strong>Stand C3, Halle C<\/strong>. Dies ist Ihre Chance, praktische Erfahrungen mit unseren Gabelstaplern zu sammeln, die f\u00fcr ihre Zuverl\u00e4ssigkeit, Effizienz und ihr innovatives Design bekannt sind, wodurch sie sich ideal f\u00fcr eine Vielzahl von industriellen Anwendungen eignen.<\/p><\/div><\/div>\t\t\t\t\t\t<\/div>\n\t\t\t\t<\/div>\n\t\t\t\t\t<\/div>\n\t\t<\/div>\n\t\t\t\t\t<\/div>\n\t\t<\/section>\n\t\t\t\t<section class=\"elementor-section elementor-top-section elementor-element elementor-element-6ca40ee elementor-section-boxed elementor-section-height-default elementor-section-height-default\" data-id=\"6ca40ee\" data-element_type=\"section\">\n\t\t\t\t\t\t<div class=\"elementor-container elementor-column-gap-default\">\n\t\t\t\t\t<div class=\"elementor-column elementor-col-100 elementor-top-column elementor-element elementor-element-60b5c65\" data-id=\"60b5c65\" data-element_type=\"column\">\n\t\t\t<div class=\"elementor-widget-wrap elementor-element-populated\">\n\t\t\t\t\t\t<div class=\"elementor-element elementor-element-b2620d9 elementor-widget elementor-widget-text-editor\" data-id=\"b2620d9\" data-element_type=\"widget\" data-widget_type=\"text-editor.default\">\n\t\t\t\t<div class=\"elementor-widget-container\">\n\t\t\t\t\t\t\t<div><div><h3 class=\"otl-paragraph\"><strong>Details zur Veranstaltung:<\/strong><\/h3><ul><li class=\"otl-paragraph\"><strong>Name der Ausstellung<\/strong>: Alberta Equipment Expo 2025<\/li><li class=\"otl-paragraph\"><strong>Datum<\/strong>: 24-25 April, 2025<\/li><li class=\"otl-paragraph\"><strong>Standnummer<\/strong>: C3, Halle C<\/li><\/ul><\/div><\/div>\t\t\t\t\t\t<\/div>\n\t\t\t\t<\/div>\n\t\t\t\t<div class=\"elementor-element elementor-element-121dba7 elementor-widget elementor-widget-image\" data-id=\"121dba7\" data-element_type=\"widget\" data-widget_type=\"image.default\">\n\t\t\t\t<div class=\"elementor-widget-container\">\n\t\t\t\t\t\t\t\t\t\t\t\t\t<img fetchpriority=\"high\" decoding=\"async\" width=\"800\" height=\"800\" src=\"https:\/\/www.mimaforklift.com\/wp-content\/uploads\/2025\/04\/image-1-1024x1024.jpeg\" class=\"attachment-large size-large wp-image-9004\" alt=\"\" srcset=\"https:\/\/www.mimaforklift.com\/wp-content\/uploads\/2025\/04\/image-1-1024x1024.jpeg 1024w, https:\/\/www.mimaforklift.com\/wp-content\/uploads\/2025\/04\/image-1-300x300.jpeg 300w, https:\/\/www.mimaforklift.com\/wp-content\/uploads\/2025\/04\/image-1-150x150.jpeg 150w, https:\/\/www.mimaforklift.com\/wp-content\/uploads\/2025\/04\/image-1-768x768.jpeg 768w, https:\/\/www.mimaforklift.com\/wp-content\/uploads\/2025\/04\/image-1-12x12.jpeg 12w, https:\/\/www.mimaforklift.com\/wp-content\/uploads\/2025\/04\/image-1-600x600.jpeg 600w, https:\/\/www.mimaforklift.com\/wp-content\/uploads\/2025\/04\/image-1.jpeg 1200w\" sizes=\"(max-width: 800px) 100vw, 800px\" \/>\t\t\t\t\t\t\t\t\t\t\t\t\t<\/div>\n\t\t\t\t<\/div>\n\t\t\t\t\t<\/div>\n\t\t<\/div>\n\t\t\t\t\t<\/div>\n\t\t<\/section>\n\t\t\t\t<section class=\"elementor-section elementor-top-section elementor-element elementor-element-8aea06f elementor-section-boxed elementor-section-height-default elementor-section-height-default\" data-id=\"8aea06f\" data-element_type=\"section\">\n\t\t\t\t\t\t<div class=\"elementor-container elementor-column-gap-default\">\n\t\t\t\t\t<div class=\"elementor-column elementor-col-100 elementor-top-column elementor-element elementor-element-2046413\" data-id=\"2046413\" data-element_type=\"column\">\n\t\t\t<div class=\"elementor-widget-wrap elementor-element-populated\">\n\t\t\t\t\t\t<div class=\"elementor-element elementor-element-3b3e519 elementor-widget elementor-widget-text-editor\" data-id=\"3b3e519\" data-element_type=\"widget\" data-widget_type=\"text-editor.default\">\n\t\t\t\t<div class=\"elementor-widget-container\">\n\t\t\t\t\t\t\t<div><div><h3 class=\"otl-paragraph\"><strong>Ausgew\u00e4hlte Produkte:<\/strong><\/h3><\/div><\/div>\t\t\t\t\t\t<\/div>\n\t\t\t\t<\/div>\n\t\t\t\t\t<\/div>\n\t\t<\/div>\n\t\t\t\t\t<\/div>\n\t\t<\/section>\n\t\t\t\t<section class=\"elementor-section elementor-top-section elementor-element elementor-element-9e73f7e elementor-section-boxed elementor-section-height-default elementor-section-height-default\" data-id=\"9e73f7e\" data-element_type=\"section\">\n\t\t\t\t\t\t<div class=\"elementor-container elementor-column-gap-default\">\n\t\t\t\t\t<div class=\"elementor-column elementor-col-100 elementor-top-column elementor-element elementor-element-66840bb\" data-id=\"66840bb\" data-element_type=\"column\">\n\t\t\t<div class=\"elementor-widget-wrap elementor-element-populated\">\n\t\t\t\t\t\t<section class=\"elementor-section elementor-inner-section elementor-element elementor-element-a89eed8 elementor-section-boxed elementor-section-height-default elementor-section-height-default\" data-id=\"a89eed8\" data-element_type=\"section\">\n\t\t\t\t\t\t<div class=\"elementor-container elementor-column-gap-default\">\n\t\t\t\t\t<div class=\"elementor-column elementor-col-50 elementor-inner-column elementor-element elementor-element-45f16a0\" data-id=\"45f16a0\" data-element_type=\"column\">\n\t\t\t<div class=\"elementor-widget-wrap elementor-element-populated\">\n\t\t\t\t\t\t<div class=\"elementor-element elementor-element-446139e elementor-widget elementor-widget-text-editor\" data-id=\"446139e\" data-element_type=\"widget\" data-widget_type=\"text-editor.default\">\n\t\t\t\t<div class=\"elementor-widget-container\">\n\t\t\t\t\t\t\t<div><div><a href=\"https:\/\/www.mimaforklift.com\/de\/multidirectional-forklift\/mqk30\/\"><strong>1MQK30<\/strong>: Gegengewichtsstapler mit mehreren Richtungen<\/a>kompakt und leistungsstark<\/div><\/div>\t\t\t\t\t\t<\/div>\n\t\t\t\t<\/div>\n\t\t\t\t<div class=\"elementor-element elementor-element-0d141b1 elementor-widget elementor-widget-image\" data-id=\"0d141b1\" data-element_type=\"widget\" data-widget_type=\"image.default\">\n\t\t\t\t<div class=\"elementor-widget-container\">\n\t\t\t\t\t\t\t\t\t\t\t\t\t<img decoding=\"async\" width=\"800\" height=\"800\" src=\"https:\/\/www.mimaforklift.com\/wp-content\/uploads\/2025\/01\/MQK-4.jpg\" class=\"attachment-large size-large wp-image-8390\" alt=\"Multidirektionaler Gegengewichtsgabelstapler\" srcset=\"https:\/\/www.mimaforklift.com\/wp-content\/uploads\/2025\/01\/MQK-4.jpg 800w, https:\/\/www.mimaforklift.com\/wp-content\/uploads\/2025\/01\/MQK-4-300x300.jpg 300w, https:\/\/www.mimaforklift.com\/wp-content\/uploads\/2025\/01\/MQK-4-150x150.jpg 150w, https:\/\/www.mimaforklift.com\/wp-content\/uploads\/2025\/01\/MQK-4-768x768.jpg 768w, https:\/\/www.mimaforklift.com\/wp-content\/uploads\/2025\/01\/MQK-4-12x12.jpg 12w, https:\/\/www.mimaforklift.com\/wp-content\/uploads\/2025\/01\/MQK-4-600x600.jpg 600w\" sizes=\"(max-width: 800px) 100vw, 800px\" \/>\t\t\t\t\t\t\t\t\t\t\t\t\t<\/div>\n\t\t\t\t<\/div>\n\t\t\t\t\t<\/div>\n\t\t<\/div>\n\t\t\t\t<div class=\"elementor-column elementor-col-50 elementor-inner-column elementor-element elementor-element-8b980fa\" data-id=\"8b980fa\" data-element_type=\"column\">\n\t\t\t<div class=\"elementor-widget-wrap elementor-element-populated\">\n\t\t\t\t\t\t<div class=\"elementor-element elementor-element-d55aa98 elementor-widget elementor-widget-text-editor\" data-id=\"d55aa98\" data-element_type=\"widget\" data-widget_type=\"text-editor.default\">\n\t\t\t\t<div class=\"elementor-widget-container\">\n\t\t\t\t\t\t\t<div><div><a href=\"https:\/\/www.mimaforklift.com\/de\/electric-counterbalance-forklift\/mk15-mk40\/\"><strong>MK30<\/strong>: Gegengewichtsgabelstapler<\/a>bekannt f\u00fcr seine zuverl\u00e4ssige Leistung bei hoher Belastung.<\/div><\/div>\t\t\t\t\t\t<\/div>\n\t\t\t\t<\/div>\n\t\t\t\t<div class=\"elementor-element elementor-element-552753a elementor-widget elementor-widget-image\" data-id=\"552753a\" data-element_type=\"widget\" data-widget_type=\"image.default\">\n\t\t\t\t<div class=\"elementor-widget-container\">\n\t\t\t\t\t\t\t\t\t\t\t\t\t<img decoding=\"async\" width=\"720\" height=\"644\" src=\"https:\/\/www.mimaforklift.com\/wp-content\/uploads\/2024\/07\/Electric-Counterbalance-Forklift-II-4.jpg\" class=\"attachment-large size-large wp-image-6297\" alt=\"Elektro-Gegengewichtsgabelstapler II\" srcset=\"https:\/\/www.mimaforklift.com\/wp-content\/uploads\/2024\/07\/Electric-Counterbalance-Forklift-II-4.jpg 720w, https:\/\/www.mimaforklift.com\/wp-content\/uploads\/2024\/07\/Electric-Counterbalance-Forklift-II-4-300x268.jpg 300w, https:\/\/www.mimaforklift.com\/wp-content\/uploads\/2024\/07\/Electric-Counterbalance-Forklift-II-4-600x537.jpg 600w\" sizes=\"(max-width: 720px) 100vw, 720px\" \/>\t\t\t\t\t\t\t\t\t\t\t\t\t<\/div>\n\t\t\t\t<\/div>\n\t\t\t\t\t<\/div>\n\t\t<\/div>\n\t\t\t\t\t<\/div>\n\t\t<\/section>\n\t\t\t\t\t<\/div>\n\t\t<\/div>\n\t\t\t\t\t<\/div>\n\t\t<\/section>\n\t\t\t\t<section class=\"elementor-section elementor-top-section elementor-element elementor-element-10fffa4 elementor-section-boxed elementor-section-height-default elementor-section-height-default\" data-id=\"10fffa4\" data-element_type=\"section\">\n\t\t\t\t\t\t<div class=\"elementor-container elementor-column-gap-default\">\n\t\t\t\t\t<div class=\"elementor-column elementor-col-100 elementor-top-column elementor-element elementor-element-cb0a56b\" data-id=\"cb0a56b\" data-element_type=\"column\">\n\t\t\t<div class=\"elementor-widget-wrap elementor-element-populated\">\n\t\t\t\t\t\t<section class=\"elementor-section elementor-inner-section elementor-element elementor-element-6d1fbba elementor-section-boxed elementor-section-height-default elementor-section-height-default\" data-id=\"6d1fbba\" data-element_type=\"section\">\n\t\t\t\t\t\t<div class=\"elementor-container elementor-column-gap-default\">\n\t\t\t\t\t<div class=\"elementor-column elementor-col-50 elementor-inner-column elementor-element elementor-element-828ae1b\" data-id=\"828ae1b\" data-element_type=\"column\">\n\t\t\t<div class=\"elementor-widget-wrap elementor-element-populated\">\n\t\t\t\t\t\t<div class=\"elementor-element elementor-element-5fe4768 elementor-widget elementor-widget-text-editor\" data-id=\"5fe4768\" data-element_type=\"widget\" data-widget_type=\"text-editor.default\">\n\t\t\t\t<div class=\"elementor-widget-container\">\n\t\t\t\t\t\t\t<div><div><a href=\"https:\/\/www.mimaforklift.com\/de\/electric-counterbalance-forklift\/tkc16-tkc20\/\"><strong>TKC20<\/strong>: 3-Rad Gegengewichtsstapler<\/a>und bietet Man\u00f6vrierf\u00e4higkeit in engen R\u00e4umen.<\/div><\/div>\t\t\t\t\t\t<\/div>\n\t\t\t\t<\/div>\n\t\t\t\t<div class=\"elementor-element elementor-element-fd65e82 elementor-widget elementor-widget-image\" data-id=\"fd65e82\" data-element_type=\"widget\" data-widget_type=\"image.default\">\n\t\t\t\t<div class=\"elementor-widget-container\">\n\t\t\t\t\t\t\t\t\t\t\t\t\t<img loading=\"lazy\" decoding=\"async\" width=\"720\" height=\"644\" src=\"https:\/\/www.mimaforklift.com\/wp-content\/uploads\/2024\/09\/3-wheel-counterbalance-forklift-TKC.jpg\" class=\"attachment-large size-large wp-image-6659\" alt=\"3-Rad-Gegengewichtsstapler Serie TKC\" srcset=\"https:\/\/www.mimaforklift.com\/wp-content\/uploads\/2024\/09\/3-wheel-counterbalance-forklift-TKC.jpg 720w, https:\/\/www.mimaforklift.com\/wp-content\/uploads\/2024\/09\/3-wheel-counterbalance-forklift-TKC-300x268.jpg 300w, https:\/\/www.mimaforklift.com\/wp-content\/uploads\/2024\/09\/3-wheel-counterbalance-forklift-TKC-600x537.jpg 600w\" sizes=\"(max-width: 720px) 100vw, 720px\" \/>\t\t\t\t\t\t\t\t\t\t\t\t\t<\/div>\n\t\t\t\t<\/div>\n\t\t\t\t\t<\/div>\n\t\t<\/div>\n\t\t\t\t<div class=\"elementor-column elementor-col-50 elementor-inner-column elementor-element elementor-element-48fef36\" data-id=\"48fef36\" data-element_type=\"column\">\n\t\t\t<div class=\"elementor-widget-wrap elementor-element-populated\">\n\t\t\t\t\t\t<div class=\"elementor-element elementor-element-4d3891f elementor-widget elementor-widget-text-editor\" data-id=\"4d3891f\" data-element_type=\"widget\" data-widget_type=\"text-editor.default\">\n\t\t\t\t<div class=\"elementor-widget-container\">\n\t\t\t\t\t\t\t<div><div><a href=\"https:\/\/www.mimaforklift.com\/de\/narrow-aisle-forklift\/3-way-pallet-stacker-mcc12\/\" data-wplink-edit=\"true\"><strong>MCC-Reihe<\/strong>: Man-up Turmwagen<\/a>, die f\u00fcr maximale Effizienz und Speicherkapazit\u00e4t entwickelt wurden.<\/div><\/div>\t\t\t\t\t\t<\/div>\n\t\t\t\t<\/div>\n\t\t\t\t<div class=\"elementor-element elementor-element-2ef3358 elementor-widget elementor-widget-image\" data-id=\"2ef3358\" data-element_type=\"widget\" data-widget_type=\"image.default\">\n\t\t\t\t<div class=\"elementor-widget-container\">\n\t\t\t\t\t\t\t\t\t\t\t\t\t<img loading=\"lazy\" decoding=\"async\" width=\"720\" height=\"644\" src=\"https:\/\/www.mimaforklift.com\/wp-content\/uploads\/2025\/03\/MCC12-\u4e3b\u56fe.jpg\" class=\"attachment-large size-large wp-image-8810\" alt=\"MCC12 Man-up-Drehgestell\" srcset=\"https:\/\/www.mimaforklift.com\/wp-content\/uploads\/2025\/03\/MCC12-\u4e3b\u56fe.jpg 720w, https:\/\/www.mimaforklift.com\/wp-content\/uploads\/2025\/03\/MCC12-\u4e3b\u56fe-300x268.jpg 300w, https:\/\/www.mimaforklift.com\/wp-content\/uploads\/2025\/03\/MCC12-\u4e3b\u56fe-13x12.jpg 13w, https:\/\/www.mimaforklift.com\/wp-content\/uploads\/2025\/03\/MCC12-\u4e3b\u56fe-600x537.jpg 600w\" sizes=\"(max-width: 720px) 100vw, 720px\" \/>\t\t\t\t\t\t\t\t\t\t\t\t\t<\/div>\n\t\t\t\t<\/div>\n\t\t\t\t\t<\/div>\n\t\t<\/div>\n\t\t\t\t\t<\/div>\n\t\t<\/section>\n\t\t\t\t\t<\/div>\n\t\t<\/div>\n\t\t\t\t\t<\/div>\n\t\t<\/section>\n\t\t\t\t<section class=\"elementor-section elementor-top-section elementor-element elementor-element-033eaff elementor-section-boxed elementor-section-height-default elementor-section-height-default\" data-id=\"033eaff\" data-element_type=\"section\">\n\t\t\t\t\t\t<div class=\"elementor-container elementor-column-gap-default\">\n\t\t\t\t\t<div class=\"elementor-column elementor-col-100 elementor-top-column elementor-element elementor-element-f1a2d93\" data-id=\"f1a2d93\" data-element_type=\"column\">\n\t\t\t<div class=\"elementor-widget-wrap elementor-element-populated\">\n\t\t\t\t\t\t<section class=\"elementor-section elementor-inner-section elementor-element elementor-element-0d9589f elementor-section-boxed elementor-section-height-default elementor-section-height-default\" data-id=\"0d9589f\" data-element_type=\"section\">\n\t\t\t\t\t\t<div class=\"elementor-container elementor-column-gap-default\">\n\t\t\t\t\t<div class=\"elementor-column elementor-col-50 elementor-inner-column elementor-element elementor-element-49b9816\" data-id=\"49b9816\" data-element_type=\"column\">\n\t\t\t<div class=\"elementor-widget-wrap\">\n\t\t\t\t\t\t\t<\/div>\n\t\t<\/div>\n\t\t\t\t<div class=\"elementor-column elementor-col-50 elementor-inner-column elementor-element elementor-element-e9bf1cd\" data-id=\"e9bf1cd\" data-element_type=\"column\">\n\t\t\t<div class=\"elementor-widget-wrap elementor-element-populated\">\n\t\t\t\t\t\t<div class=\"elementor-element elementor-element-cac9b1d elementor-widget elementor-widget-text-editor\" data-id=\"cac9b1d\" data-element_type=\"widget\" data-widget_type=\"text-editor.default\">\n\t\t\t\t<div class=\"elementor-widget-container\">\n\t\t\t\t\t\t\t<div><div><a href=\"https:\/\/www.mimaforklift.com\/de\/reach-truck\/mfe14\/\"><strong>Baureihe MFE<\/strong>: Einzel-\/Doppelscheren-Schubmaststapler<\/a><\/div><\/div>\t\t\t\t\t\t<\/div>\n\t\t\t\t<\/div>\n\t\t\t\t<div class=\"elementor-element elementor-element-a4a4068 elementor-widget elementor-widget-image\" data-id=\"a4a4068\" data-element_type=\"widget\" data-widget_type=\"image.default\">\n\t\t\t\t<div class=\"elementor-widget-container\">\n\t\t\t\t\t\t\t\t\t\t\t\t\t<img loading=\"lazy\" decoding=\"async\" width=\"720\" height=\"450\" src=\"https:\/\/www.mimaforklift.com\/wp-content\/uploads\/2024\/07\/MFE14-9.jpg\" class=\"attachment-large size-large wp-image-4502\" alt=\"Doppeltiefe Regalscheren-Schubmaststapler\" srcset=\"https:\/\/www.mimaforklift.com\/wp-content\/uploads\/2024\/07\/MFE14-9.jpg 720w, https:\/\/www.mimaforklift.com\/wp-content\/uploads\/2024\/07\/MFE14-9-300x188.jpg 300w, https:\/\/www.mimaforklift.com\/wp-content\/uploads\/2024\/07\/MFE14-9-600x375.jpg 600w\" sizes=\"(max-width: 720px) 100vw, 720px\" \/>\t\t\t\t\t\t\t\t\t\t\t\t\t<\/div>\n\t\t\t\t<\/div>\n\t\t\t\t\t<\/div>\n\t\t<\/div>\n\t\t\t\t\t<\/div>\n\t\t<\/section>\n\t\t\t\t\t<\/div>\n\t\t<\/div>\n\t\t\t\t\t<\/div>\n\t\t<\/section>\n\t\t\t\t<section class=\"elementor-section elementor-top-section elementor-element elementor-element-a75d470 elementor-section-boxed elementor-section-height-default elementor-section-height-default\" data-id=\"a75d470\" data-element_type=\"section\">\n\t\t\t\t\t\t<div class=\"elementor-container elementor-column-gap-default\">\n\t\t\t\t\t<div class=\"elementor-column elementor-col-100 elementor-top-column elementor-element elementor-element-20b70c0\" data-id=\"20b70c0\" data-element_type=\"column\">\n\t\t\t<div class=\"elementor-widget-wrap elementor-element-populated\">\n\t\t\t\t\t\t<div class=\"elementor-element elementor-element-9b97996 elementor-widget elementor-widget-text-editor\" data-id=\"9b97996\" data-element_type=\"widget\" data-widget_type=\"text-editor.default\">\n\t\t\t\t<div class=\"elementor-widget-container\">\n\t\t\t\t\t\t\t<div><div><p class=\"otl-paragraph\">Ganz gleich, ob Sie einen vielseitigen Gabelstapler f\u00fcr schwere Lasten oder ein kompaktes Modell f\u00fcr enge R\u00e4ume suchen, <strong>Elvaan Ausr\u00fcstungsl\u00f6sungen<\/strong> hat die richtigen Gabelstapler f\u00fcr Sie. Das fachkundige Team informiert Sie gerne ausf\u00fchrlich \u00fcber die Merkmale und Vorteile der einzelnen Modelle und bietet zuverl\u00e4ssige L\u00f6sungen f\u00fcr jeden Bedarf.<\/p><p class=\"otl-paragraph\">Besuchen Sie Elvaan Equipment Solutions w\u00e4hrend der Alberta Equipment Expo 2025 am Stand C3 in Halle C. Das professionelle Team freut sich darauf, Sie dort zu sehen!<\/p><p class=\"otl-paragraph\">Klicken Sie hier, um sich zu registrieren: <a href=\"https:\/\/secure.mpltd.ca\/AEE\/\">https:\/\/secure.mpltd.ca\/AEE\/<\/a><\/p><\/div><\/div>\t\t\t\t\t\t<\/div>\n\t\t\t\t<\/div>\n\t\t\t\t\t<\/div>\n\t\t<\/div>\n\t\t\t\t\t<\/div>\n\t\t<\/section>\n\t\t\t\t<\/div>","protected":false},"excerpt":{"rendered":"<p>Wir freuen uns, Ihnen mitteilen zu k\u00f6nnen, dass Elvaan Equipment Solutions, der Exklusivh\u00e4ndler von MiMA Forklift in Kanada, an der kommenden Alberta Equipment Expo vom 24. bis 25. April 2025 teilnehmen wird. Wenn Sie in der Materialtransportbranche t\u00e4tig sind, sollten Sie diese Veranstaltung nicht verpassen! Elvaan Equipment Solutions wird seine abgerundeten L\u00f6sungen vorstellen, komplett [...]<\/p>","protected":false},"author":5,"featured_media":9002,"comment_status":"open","ping_status":"open","sticky":false,"template":"","format":"standard","meta":{"_acf_changed":false,"_seopress_robots_primary_cat":"none","_seopress_titles_title":"","_seopress_titles_desc":"","_seopress_robots_index":"","footnotes":""},"categories":[74],"tags":[],"class_list":["post-8999","post","type-post","status-publish","format-standard","has-post-thumbnail","hentry","category-case-study"],"acf":[],"_links":{"self":[{"href":"https:\/\/www.mimaforklift.com\/de\/wp-json\/wp\/v2\/posts\/8999","targetHints":{"allow":["GET"]}}],"collection":[{"href":"https:\/\/www.mimaforklift.com\/de\/wp-json\/wp\/v2\/posts"}],"about":[{"href":"https:\/\/www.mimaforklift.com\/de\/wp-json\/wp\/v2\/types\/post"}],"author":[{"embeddable":true,"href":"https:\/\/www.mimaforklift.com\/de\/wp-json\/wp\/v2\/users\/5"}],"replies":[{"embeddable":true,"href":"https:\/\/www.mimaforklift.com\/de\/wp-json\/wp\/v2\/comments?post=8999"}],"version-history":[{"count":0,"href":"https:\/\/www.mimaforklift.com\/de\/wp-json\/wp\/v2\/posts\/8999\/revisions"}],"wp:featuredmedia":[{"embeddable":true,"href":"https:\/\/www.mimaforklift.com\/de\/wp-json\/wp\/v2\/media\/9002"}],"wp:attachment":[{"href":"https:\/\/www.mimaforklift.com\/de\/wp-json\/wp\/v2\/media?parent=8999"}],"wp:term":[{"taxonomy":"category","embeddable":true,"href":"https:\/\/www.mimaforklift.com\/de\/wp-json\/wp\/v2\/categories?post=8999"},{"taxonomy":"post_tag","embeddable":true,"href":"https:\/\/www.mimaforklift.com\/de\/wp-json\/wp\/v2\/tags?post=8999"}],"curies":[{"name":"wp","href":"https:\/\/api.w.org\/{rel}","templated":true}]}}