{"id":7827,"date":"2024-10-25T02:15:13","date_gmt":"2024-10-25T02:15:13","guid":{"rendered":"https:\/\/www.mimaforklift.com\/?p=7827"},"modified":"2024-10-25T07:18:32","modified_gmt":"2024-10-25T07:18:32","slug":"mima-forklift-team-exhibits-at-logis-tech-tokyo-2024","status":"publish","type":"post","link":"https:\/\/www.mimaforklift.com\/de\/mima-forklift-team-exhibits-at-logis-tech-tokyo-2024\/","title":{"rendered":"MiMA-Gabelstapler-Team stellt auf der LOGIS-TECH TOKYO 2024 aus"},"content":{"rendered":"<div data-elementor-type=\"wp-post\" data-elementor-id=\"7827\" class=\"elementor elementor-7827\" data-elementor-post-type=\"post\">\n\t\t\t\t\t\t<section class=\"elementor-section elementor-top-section elementor-element elementor-element-6f5fe1d elementor-section-boxed elementor-section-height-default elementor-section-height-default\" data-id=\"6f5fe1d\" data-element_type=\"section\">\n\t\t\t\t\t\t<div class=\"elementor-container elementor-column-gap-default\">\n\t\t\t\t\t<div class=\"elementor-column elementor-col-100 elementor-top-column elementor-element elementor-element-05d709f\" data-id=\"05d709f\" data-element_type=\"column\">\n\t\t\t<div class=\"elementor-widget-wrap elementor-element-populated\">\n\t\t\t\t\t\t<div class=\"elementor-element elementor-element-27d3859 elementor-widget elementor-widget-text-editor\" data-id=\"27d3859\" data-element_type=\"widget\" data-widget_type=\"text-editor.default\">\n\t\t\t\t<div class=\"elementor-widget-container\">\n\t\t\t\t\t\t\t<div data-page-id=\"VxPpdp37oo0dM6x7BR2c2Yh6nAf\" data-lark-html-role=\"root\" data-docx-has-block-data=\"false\"><div class=\"ace-line ace-line old-record-id-UKyZdG6RkoyWEaxigeKcjitNnbg\"><strong>Tokio, Japan<\/strong>: Vom 10. bis 13. September 2024 wurde der MiMA-Gabelstapler auf der LOGIS-TECH TOKYO 2024 ausgestellt, einer gro\u00dfen Veranstaltung f\u00fcr Materialtransport in Japan. Sie fand in der Halle 1 des Tokyo Big Sight East statt und versammelte Gabelstaplerhersteller und Logistikexperten aus der ganzen Welt. Am Stand Nr. 703 pr\u00e4sentierte das MiMA Forklift-Team stolz unsere verbesserten Gabelstapler, einschlie\u00dflich der speziell f\u00fcr den japanischen und koreanischen Markt entwickelten Modelle.<\/div><div class=\"ace-line ace-line old-record-id-UKyZdG6RkoyWEaxigeKcjitNnbg\">\u00a0<\/div><\/div>\t\t\t\t\t\t<\/div>\n\t\t\t\t<\/div>\n\t\t\t\t\t<\/div>\n\t\t<\/div>\n\t\t\t\t\t<\/div>\n\t\t<\/section>\n\t\t\t\t<section class=\"elementor-section elementor-top-section elementor-element elementor-element-513d630 elementor-section-boxed elementor-section-height-default elementor-section-height-default\" data-id=\"513d630\" data-element_type=\"section\">\n\t\t\t\t\t\t<div class=\"elementor-container elementor-column-gap-default\">\n\t\t\t\t\t<div class=\"elementor-column elementor-col-100 elementor-top-column elementor-element elementor-element-c98dcd7\" data-id=\"c98dcd7\" data-element_type=\"column\">\n\t\t\t<div class=\"elementor-widget-wrap elementor-element-populated\">\n\t\t\t\t\t\t<div class=\"elementor-element elementor-element-479c245 elementor-widget elementor-widget-image\" data-id=\"479c245\" data-element_type=\"widget\" data-widget_type=\"image.default\">\n\t\t\t\t<div class=\"elementor-widget-container\">\n\t\t\t\t\t\t\t\t\t\t\t\t\t<img fetchpriority=\"high\" decoding=\"async\" width=\"300\" height=\"169\" src=\"https:\/\/www.mimaforklift.com\/wp-content\/uploads\/2024\/10\/\u65e5\u672c\u5c55\u4f1a\u9080\u8bf7\u6d77\u62a5-300x169.jpg\" class=\"attachment-medium size-medium wp-image-7838\" alt=\"\" srcset=\"https:\/\/www.mimaforklift.com\/wp-content\/uploads\/2024\/10\/\u65e5\u672c\u5c55\u4f1a\u9080\u8bf7\u6d77\u62a5-300x169.jpg 300w, https:\/\/www.mimaforklift.com\/wp-content\/uploads\/2024\/10\/\u65e5\u672c\u5c55\u4f1a\u9080\u8bf7\u6d77\u62a5-1024x576.jpg 1024w, https:\/\/www.mimaforklift.com\/wp-content\/uploads\/2024\/10\/\u65e5\u672c\u5c55\u4f1a\u9080\u8bf7\u6d77\u62a5-768x432.jpg 768w, https:\/\/www.mimaforklift.com\/wp-content\/uploads\/2024\/10\/\u65e5\u672c\u5c55\u4f1a\u9080\u8bf7\u6d77\u62a5-1536x864.jpg 1536w, https:\/\/www.mimaforklift.com\/wp-content\/uploads\/2024\/10\/\u65e5\u672c\u5c55\u4f1a\u9080\u8bf7\u6d77\u62a5-600x338.jpg 600w, https:\/\/www.mimaforklift.com\/wp-content\/uploads\/2024\/10\/\u65e5\u672c\u5c55\u4f1a\u9080\u8bf7\u6d77\u62a5.jpg 1920w\" sizes=\"(max-width: 300px) 100vw, 300px\" \/>\t\t\t\t\t\t\t\t\t\t\t\t\t<\/div>\n\t\t\t\t<\/div>\n\t\t\t\t\t<\/div>\n\t\t<\/div>\n\t\t\t\t\t<\/div>\n\t\t<\/section>\n\t\t\t\t<section class=\"elementor-section elementor-top-section elementor-element elementor-element-d9bdf41 elementor-section-boxed elementor-section-height-default elementor-section-height-default\" data-id=\"d9bdf41\" data-element_type=\"section\">\n\t\t\t\t\t\t<div class=\"elementor-container elementor-column-gap-default\">\n\t\t\t\t\t<div class=\"elementor-column elementor-col-100 elementor-top-column elementor-element elementor-element-15a9579\" data-id=\"15a9579\" data-element_type=\"column\">\n\t\t\t<div class=\"elementor-widget-wrap elementor-element-populated\">\n\t\t\t\t\t\t<div class=\"elementor-element elementor-element-e319163 elementor-widget elementor-widget-text-editor\" data-id=\"e319163\" data-element_type=\"widget\" data-widget_type=\"text-editor.default\">\n\t\t\t\t<div class=\"elementor-widget-container\">\n\t\t\t\t\t\t\t<div data-page-id=\"VxPpdp37oo0dM6x7BR2c2Yh6nAf\" data-lark-html-role=\"root\" data-docx-has-block-data=\"false\"><h3 class=\"ace-line ace-line old-record-id-TOuZdBH5To8SfCxBYLacrTEQnbp\"><strong>Neue Produkteinf\u00fchrungen:<\/strong><\/h3><div class=\"ace-line ace-line old-record-id-VKQSdizzqos1l9xUwYZc6ODjnHe\">Auf der LOGIS-TECH TOKYO 2024 stellten wir 4 verschiedene Ger\u00e4te aus MiMAs komplettem Sortiment an Materialtransportger\u00e4ten aus. Dazu geh\u00f6rten:<\/div><ul class=\"list-bullet1\"><li class=\"ace-line ace-line old-record-id-OWEvd1DJooYHnLxAr7wcsJTBn4g\" data-list=\"bullet\"><div><a href=\"https:\/\/www.mimaforklift.com\/de\/narrow-aisle-forklift\/man-up-turret-truck-mcc16u\/\"><strong>MCC16-33: Man-up Turret Truck<\/strong><\/a> Der MCC16 mit einer Hubh\u00f6he von bis zu 7,5 Metern ist f\u00fcr die pr\u00e4zise und effiziente Handhabung in VNA konzipiert. Ausgestattet mit einem wartungsfreien 80-V-AC-Motor und um 180 Grad drehbaren Gabeln erm\u00f6glicht er ein reibungsloses Stapeln und Kommissionieren und ist damit die ideale Wahl f\u00fcr moderne Lagerumgebungen mit hoher Dichte.<\/div><\/li><li class=\"ace-line ace-line old-record-id-Jfcbd1Vdhot33jxju4McADYpn3d\" data-list=\"bullet\"><div><a href=\"https:\/\/www.mimaforklift.com\/de\/narrow-aisle-forklift\/stand-on-3-way-pallet-stacker-mc12-mc16\/\"><strong>MC08-40: 3-Wege-Palettenstapler<\/strong><\/a> Der MC08 ist f\u00fcr sein kompaktes Design und seine Vielseitigkeit bekannt und kann G\u00fcter bis zu 6 Meter hoch heben. Seine elektrisch unterst\u00fctzte Lenkung und die Seitenverschiebung erm\u00f6glichen ein einfaches Palettenhandling ohne Wenden des Fahrzeugs, wodurch er ideal f\u00fcr VNA-Anwendungen in <em><strong>den japanischen und koreanischen Markt.<\/strong><\/em><\/div><\/li><li class=\"ace-line ace-line old-record-id-RKwsdbiWCovrpIx8VvUckV0knpc\" data-list=\"bullet\"><div><a href=\"https:\/\/www.mimaforklift.com\/de\/multidirectional-forklift\/mqk30\/\"><strong>MQK30-46: Multidirektionaler Gegengewichtsgabelstapler<\/strong><\/a> Dieses neu gestaltete Modell verf\u00fcgt \u00fcber einen zentrierten Sitz f\u00fcr bessere Balance, einen schmaleren K\u00f6rper f\u00fcr bessere Man\u00f6vrierf\u00e4higkeit und ein lastabh\u00e4ngiges Proportionalventil f\u00fcr reibungslosen Hydraulikbetrieb. Seine kompakte Gr\u00f6\u00dfe und sein aktualisiertes Design machen ihn ideal f\u00fcr die Handhabung <em><strong>lange Materialien auf engem Raum.<\/strong><\/em><\/div><\/li><li class=\"ace-line ace-line old-record-id-Rl1VdZ6Rdo2sGsxjet5c3ozWnFf\" data-list=\"bullet\"><div><a href=\"https:\/\/www.mimaforklift.com\/de\/reach-truck\/mf12-mf30\/\"><strong>MF15-45: Elektro-Schubmaststapler<\/strong><\/a> Der MF15 mit einem leistungsst\u00e4rkeren 8,6-kW-Hubmotor und einem integrierten Ladeger\u00e4t zeigte die Fortschritte von MiMA bei kompakten und dennoch robusten L\u00f6sungen. Mit zus\u00e4tzlichen K\u00fchlgebl\u00e4sen und einer neu gestalteten Pendelachse mit integrierter Schmierung legt dieses Modell Wert auf Langlebigkeit und Leistung.<\/div><\/li><\/ul><div>\u00a0<\/div><\/div>\t\t\t\t\t\t<\/div>\n\t\t\t\t<\/div>\n\t\t\t\t\t<\/div>\n\t\t<\/div>\n\t\t\t\t\t<\/div>\n\t\t<\/section>\n\t\t\t\t<section class=\"elementor-section elementor-top-section elementor-element elementor-element-34c6847 elementor-section-boxed elementor-section-height-default elementor-section-height-default\" data-id=\"34c6847\" data-element_type=\"section\">\n\t\t\t\t\t\t<div class=\"elementor-container elementor-column-gap-default\">\n\t\t\t\t\t<div class=\"elementor-column elementor-col-100 elementor-top-column elementor-element elementor-element-5980300\" data-id=\"5980300\" data-element_type=\"column\">\n\t\t\t<div class=\"elementor-widget-wrap elementor-element-populated\">\n\t\t\t\t\t\t<div class=\"elementor-element elementor-element-f7b8015 elementor-widget elementor-widget-image\" data-id=\"f7b8015\" data-element_type=\"widget\" data-widget_type=\"image.default\">\n\t\t\t\t<div class=\"elementor-widget-container\">\n\t\t\t\t\t\t\t\t\t\t\t\t\t<img decoding=\"async\" width=\"300\" height=\"225\" src=\"https:\/\/www.mimaforklift.com\/wp-content\/uploads\/2024\/10\/\u65e5\u672c\u5c55\u4f1a2-300x225.jpg\" class=\"attachment-medium size-medium wp-image-7833\" alt=\"\" srcset=\"https:\/\/www.mimaforklift.com\/wp-content\/uploads\/2024\/10\/\u65e5\u672c\u5c55\u4f1a2-300x225.jpg 300w, https:\/\/www.mimaforklift.com\/wp-content\/uploads\/2024\/10\/\u65e5\u672c\u5c55\u4f1a2-1024x768.jpg 1024w, https:\/\/www.mimaforklift.com\/wp-content\/uploads\/2024\/10\/\u65e5\u672c\u5c55\u4f1a2-768x576.jpg 768w, https:\/\/www.mimaforklift.com\/wp-content\/uploads\/2024\/10\/\u65e5\u672c\u5c55\u4f1a2-1536x1152.jpg 1536w, https:\/\/www.mimaforklift.com\/wp-content\/uploads\/2024\/10\/\u65e5\u672c\u5c55\u4f1a2-2048x1536.jpg 2048w, https:\/\/www.mimaforklift.com\/wp-content\/uploads\/2024\/10\/\u65e5\u672c\u5c55\u4f1a2-600x450.jpg 600w\" sizes=\"(max-width: 300px) 100vw, 300px\" \/>\t\t\t\t\t\t\t\t\t\t\t\t\t<\/div>\n\t\t\t\t<\/div>\n\t\t\t\t\t<\/div>\n\t\t<\/div>\n\t\t\t\t\t<\/div>\n\t\t<\/section>\n\t\t\t\t<section class=\"elementor-section elementor-top-section elementor-element elementor-element-293f1d5 elementor-section-boxed elementor-section-height-default elementor-section-height-default\" data-id=\"293f1d5\" data-element_type=\"section\">\n\t\t\t\t\t\t<div class=\"elementor-container elementor-column-gap-default\">\n\t\t\t\t\t<div class=\"elementor-column elementor-col-100 elementor-top-column elementor-element elementor-element-519c89d\" data-id=\"519c89d\" data-element_type=\"column\">\n\t\t\t<div class=\"elementor-widget-wrap elementor-element-populated\">\n\t\t\t\t\t\t<div class=\"elementor-element elementor-element-1f1cd72 elementor-widget elementor-widget-text-editor\" data-id=\"1f1cd72\" data-element_type=\"widget\" data-widget_type=\"text-editor.default\">\n\t\t\t\t<div class=\"elementor-widget-container\">\n\t\t\t\t\t\t\t<div data-page-id=\"VxPpdp37oo0dM6x7BR2c2Yh6nAf\" data-lark-html-role=\"root\" data-docx-has-block-data=\"false\"><h3 class=\"ace-line ace-line old-record-id-VOa4dL31xoXpdaxQYojchrCrnXb\"><strong>Aussteller und Besucher loben die Leistung von MiMA<\/strong><\/h3><div class=\"ace-line ace-line old-record-id-RmkKdj3qKoRYhxx0rY9cc3Lpnpd\">Die Teilnehmer waren besonders beeindruckt von der Effizienz, der Pr\u00e4zision und der technologischen Innovation der MiMA-Stapler. Ein Besucher von einem f\u00fchrenden Logistikunternehmen kommentierte dies: <em>\"Die L\u00f6sungen von MiMA sind genau das, was wir brauchen, um unseren Schmalgangbetrieb zu optimieren. Die drehbaren Gabeln des MCC16 und die hohe Hubkapazit\u00e4t werden unsere Lagerkapazit\u00e4t erheblich erweitern.\"<\/em><\/div><div class=\"ace-line ace-line old-record-id-RmkKdj3qKoRYhxx0rY9cc3Lpnpd\"><em>\u00a0<\/em><\/div><div class=\"ace-line ace-line old-record-id-KxTBduofFouMgqxD0iVcOxGJnbe\">MiMA bot auch Live-Vorf\u00fchrungen an, bei denen die Besucher die Leistung der Stapler aus erster Hand testen konnten. Die Teilnehmer konnten den reibungslosen Betrieb der MiMA-Schubmaststapler und -Stapler erleben, was ihre Pr\u00e4zision, Geschwindigkeit und Benutzerfreundlichkeit unterstrich.<\/div><div class=\"ace-line ace-line old-record-id-KxTBduofFouMgqxD0iVcOxGJnbe\">\u00a0<\/div><\/div>\t\t\t\t\t\t<\/div>\n\t\t\t\t<\/div>\n\t\t\t\t\t<\/div>\n\t\t<\/div>\n\t\t\t\t\t<\/div>\n\t\t<\/section>\n\t\t\t\t<section class=\"elementor-section elementor-top-section elementor-element elementor-element-fb7bd49 elementor-section-boxed elementor-section-height-default elementor-section-height-default\" data-id=\"fb7bd49\" data-element_type=\"section\">\n\t\t\t\t\t\t<div class=\"elementor-container elementor-column-gap-default\">\n\t\t\t\t\t<div class=\"elementor-column elementor-col-100 elementor-top-column elementor-element elementor-element-01f47c8\" data-id=\"01f47c8\" data-element_type=\"column\">\n\t\t\t<div class=\"elementor-widget-wrap elementor-element-populated\">\n\t\t\t\t\t\t<div class=\"elementor-element elementor-element-8b82b19 elementor-widget elementor-widget-image\" data-id=\"8b82b19\" data-element_type=\"widget\" data-widget_type=\"image.default\">\n\t\t\t\t<div class=\"elementor-widget-container\">\n\t\t\t\t\t\t\t\t\t\t\t\t\t<img decoding=\"async\" width=\"300\" height=\"225\" src=\"https:\/\/www.mimaforklift.com\/wp-content\/uploads\/2024\/10\/\u65e5\u672c\u5c55\u4f1a6-300x225.jpg\" class=\"attachment-medium size-medium wp-image-7830\" alt=\"\" srcset=\"https:\/\/www.mimaforklift.com\/wp-content\/uploads\/2024\/10\/\u65e5\u672c\u5c55\u4f1a6-300x225.jpg 300w, https:\/\/www.mimaforklift.com\/wp-content\/uploads\/2024\/10\/\u65e5\u672c\u5c55\u4f1a6-1024x768.jpg 1024w, https:\/\/www.mimaforklift.com\/wp-content\/uploads\/2024\/10\/\u65e5\u672c\u5c55\u4f1a6-768x576.jpg 768w, https:\/\/www.mimaforklift.com\/wp-content\/uploads\/2024\/10\/\u65e5\u672c\u5c55\u4f1a6-1536x1152.jpg 1536w, https:\/\/www.mimaforklift.com\/wp-content\/uploads\/2024\/10\/\u65e5\u672c\u5c55\u4f1a6-2048x1536.jpg 2048w, https:\/\/www.mimaforklift.com\/wp-content\/uploads\/2024\/10\/\u65e5\u672c\u5c55\u4f1a6-600x450.jpg 600w\" sizes=\"(max-width: 300px) 100vw, 300px\" \/>\t\t\t\t\t\t\t\t\t\t\t\t\t<\/div>\n\t\t\t\t<\/div>\n\t\t\t\t\t<\/div>\n\t\t<\/div>\n\t\t\t\t\t<\/div>\n\t\t<\/section>\n\t\t\t\t<section class=\"elementor-section elementor-top-section elementor-element elementor-element-37d3b3a elementor-section-boxed elementor-section-height-default elementor-section-height-default\" data-id=\"37d3b3a\" data-element_type=\"section\">\n\t\t\t\t\t\t<div class=\"elementor-container elementor-column-gap-default\">\n\t\t\t\t\t<div class=\"elementor-column elementor-col-100 elementor-top-column elementor-element elementor-element-cbfe525\" data-id=\"cbfe525\" data-element_type=\"column\">\n\t\t\t<div class=\"elementor-widget-wrap elementor-element-populated\">\n\t\t\t\t\t\t<div class=\"elementor-element elementor-element-2f325bc elementor-widget elementor-widget-text-editor\" data-id=\"2f325bc\" data-element_type=\"widget\" data-widget_type=\"text-editor.default\">\n\t\t\t\t<div class=\"elementor-widget-container\">\n\t\t\t\t\t\t\t<div data-page-id=\"VxPpdp37oo0dM6x7BR2c2Yh6nAf\" data-lark-html-role=\"root\" data-docx-has-block-data=\"false\"><h3 class=\"ace-line ace-line old-record-id-S5c4dnPtPoOadxxakpOczKsRnYd\"><strong>Blick in die Zukunft <\/strong><strong>Zusammenarbeit<\/strong><\/h3><div class=\"ace-line ace-line old-record-id-WGXRd8jWloiaiExrduvc4Np4nKz\">Angesichts des gro\u00dfen Interesses, das auf der Veranstaltung geweckt wurde, freut sich MiMA darauf, seine Expansion auf dem japanischen und dem weiteren asiatischen Markt fortzusetzen. MiMA Forklift wird seine Produkte auf der n\u00e4chsten Messe vorstellen <strong>Logistica Next 2024<\/strong>die vom 5. bis 7. November 2024 in Utrecht, Niederlande, stattfinden wird.<\/div><div class=\"ace-line ace-line old-record-id-DrDrdA4ISofjTqxCOhBckhRLnKg\">\u00a0<\/div><div class=\"ace-line ace-line old-record-id-PG6PdQVuhoBV0rxJ6BTcLWVln6a\"><strong>Kontakt<\/strong>: F\u00fcr weitere Informationen kontaktieren Sie uns unter +86-123-4567 oder <a href=\"mailto:sales@mimachina.com\" data-lark-is-custom=\"true\">sales@mimachina.com<\/a><\/div><\/div>\t\t\t\t\t\t<\/div>\n\t\t\t\t<\/div>\n\t\t\t\t<div class=\"elementor-element elementor-element-5430534 elementor-widget elementor-widget-image\" data-id=\"5430534\" data-element_type=\"widget\" data-widget_type=\"image.default\">\n\t\t\t\t<div class=\"elementor-widget-container\">\n\t\t\t\t\t\t\t\t\t\t\t\t\t<img loading=\"lazy\" decoding=\"async\" width=\"300\" height=\"225\" src=\"https:\/\/www.mimaforklift.com\/wp-content\/uploads\/2024\/10\/\u65e5\u672c\u5c55\u4f1a44-scaled-e1739173543781-300x225.jpg\" class=\"attachment-medium size-medium wp-image-7831\" alt=\"logis-tech Tokio Bild\" srcset=\"https:\/\/www.mimaforklift.com\/wp-content\/uploads\/2024\/10\/\u65e5\u672c\u5c55\u4f1a44-scaled-e1739173543781-300x225.jpg 300w, https:\/\/www.mimaforklift.com\/wp-content\/uploads\/2024\/10\/\u65e5\u672c\u5c55\u4f1a44-scaled-e1739173543781-1024x768.jpg 1024w, https:\/\/www.mimaforklift.com\/wp-content\/uploads\/2024\/10\/\u65e5\u672c\u5c55\u4f1a44-scaled-e1739173543781-768x576.jpg 768w, https:\/\/www.mimaforklift.com\/wp-content\/uploads\/2024\/10\/\u65e5\u672c\u5c55\u4f1a44-scaled-e1739173543781-1536x1152.jpg 1536w, https:\/\/www.mimaforklift.com\/wp-content\/uploads\/2024\/10\/\u65e5\u672c\u5c55\u4f1a44-scaled-e1739173543781-2048x1536.jpg 2048w, https:\/\/www.mimaforklift.com\/wp-content\/uploads\/2024\/10\/\u65e5\u672c\u5c55\u4f1a44-scaled-e1739173543781-600x450.jpg 600w, https:\/\/www.mimaforklift.com\/wp-content\/uploads\/2024\/10\/\u65e5\u672c\u5c55\u4f1a44-scaled-e1739173543781-16x12.jpg 16w\" sizes=\"(max-width: 300px) 100vw, 300px\" \/>\t\t\t\t\t\t\t\t\t\t\t\t\t<\/div>\n\t\t\t\t<\/div>\n\t\t\t\t\t<\/div>\n\t\t<\/div>\n\t\t\t\t\t<\/div>\n\t\t<\/section>\n\t\t\t\t<\/div>","protected":false},"excerpt":{"rendered":"<p>Tokio, Japan: Vom 10. bis 13. September 2024 wurde der MiMA-Gabelstapler auf der LOGIS-TECH TOKYO 2024 ausgestellt, einer gro\u00dfen Veranstaltung f\u00fcr Materialtransport in Japan. Sie fand in der Halle 1 des Tokyo Big Sight East statt und versammelte Gabelstaplerhersteller und Logistikexperten aus der ganzen Welt. Am Stand Nr. 703 pr\u00e4sentierte das MiMA Forklift-Team stolz unsere [...]<\/p>","protected":false},"author":5,"featured_media":7835,"comment_status":"open","ping_status":"open","sticky":false,"template":"","format":"standard","meta":{"_acf_changed":false,"_seopress_robots_primary_cat":"none","_seopress_titles_title":"","_seopress_titles_desc":"","_seopress_robots_index":"","footnotes":""},"categories":[75],"tags":[],"class_list":["post-7827","post","type-post","status-publish","format-standard","has-post-thumbnail","hentry","category-trade-show"],"acf":[],"_links":{"self":[{"href":"https:\/\/www.mimaforklift.com\/de\/wp-json\/wp\/v2\/posts\/7827","targetHints":{"allow":["GET"]}}],"collection":[{"href":"https:\/\/www.mimaforklift.com\/de\/wp-json\/wp\/v2\/posts"}],"about":[{"href":"https:\/\/www.mimaforklift.com\/de\/wp-json\/wp\/v2\/types\/post"}],"author":[{"embeddable":true,"href":"https:\/\/www.mimaforklift.com\/de\/wp-json\/wp\/v2\/users\/5"}],"replies":[{"embeddable":true,"href":"https:\/\/www.mimaforklift.com\/de\/wp-json\/wp\/v2\/comments?post=7827"}],"version-history":[{"count":0,"href":"https:\/\/www.mimaforklift.com\/de\/wp-json\/wp\/v2\/posts\/7827\/revisions"}],"wp:featuredmedia":[{"embeddable":true,"href":"https:\/\/www.mimaforklift.com\/de\/wp-json\/wp\/v2\/media\/7835"}],"wp:attachment":[{"href":"https:\/\/www.mimaforklift.com\/de\/wp-json\/wp\/v2\/media?parent=7827"}],"wp:term":[{"taxonomy":"category","embeddable":true,"href":"https:\/\/www.mimaforklift.com\/de\/wp-json\/wp\/v2\/categories?post=7827"},{"taxonomy":"post_tag","embeddable":true,"href":"https:\/\/www.mimaforklift.com\/de\/wp-json\/wp\/v2\/tags?post=7827"}],"curies":[{"name":"wp","href":"https:\/\/api.w.org\/{rel}","templated":true}]}}